{"id":15651,"date":"2019-07-22T20:42:39","date_gmt":"2019-07-22T20:42:39","guid":{"rendered":"http:\/\/notiissa.mx\/?p=15651"},"modified":"2019-07-22T20:42:39","modified_gmt":"2019-07-22T20:42:39","slug":"estas-son-las-cuentas-migratorias-que-mexico-le-entrega-a-trump","status":"publish","type":"post","link":"https:\/\/notiissa.mx\/?p=15651","title":{"rendered":"Estas son las &#8216;cuentas migratorias&#8217; que M\u00e9xico le entrega a Trump"},"content":{"rendered":"<p>Se cumplen los 45 d\u00edas para la primera evaluaci\u00f3n a la estrategia migratoria implementada por la naci\u00f3n latinoamericana, a fin de contener el amago de la imposici\u00f3n de aranceles a todos sus productos en territorio estadounidense.<\/p>\n<p>Este 22 de julio se cumpli\u00f3 el plazo de <strong>45 d\u00edas\u00a0<\/strong>acordado por los gobiernos de M\u00e9xico y EE.UU. para evaluar los resultados en <strong>estrategia migratoria<\/strong> de la naci\u00f3n latinoamericana para evitar la imposici\u00f3n de <strong>aranceles<\/strong> del 5 %, escalables a 25 %, a todos los productos mexicanos por parte de la Administraci\u00f3n Trump.<\/p>\n<p>M\u00e9xico ha detenido solo en junio a <strong>29.153 migrantes<\/strong>, es decir, pr\u00e1cticamente <strong>1.000\u00a0al d\u00eda<\/strong>, la cifra m\u00e1s alta para un solo mes desde 2001, cuando la Unidad de Pol\u00edtica Migratoria de Gobernaci\u00f3n comenz\u00f3 a registrar la estad\u00edstica mensual en la materia. Adem\u00e1s, el flujo migratorio en tr\u00e1nsito por el territorio mexicano ha <strong>disminuido en 36,2 %<\/strong> en el mismo lapso, con base en cifras de la Secretar\u00eda de Relaciones Exteriores (SRE).<\/p>\n<p>Este lunes, tras un encuentro ayer con el secretario de Estado de EE.UU., Mike Pompeo, el canciller mexicano Marcelo Ebrard anunci\u00f3 que en<strong> 45 d\u00edas<\/strong> m\u00e1s volver\u00e1n a reunirse para tratar el tema migratorio. \u00abDespu\u00e9s de 45 d\u00edas se va a seguir (la estrategia) porque tenemos que controlar nuestros <strong>flujos migratorios<\/strong>; la Guardia Nacional es para quedarse y el Instituto Nacional de Migraci\u00f3n tendr\u00e1 que reforzarse para que sea mayor su funci\u00f3n migratoria y menos de la Guardia Nacional\u00bb, dijo el funcionario durante la conferencia diaria del presidente mexicano Andr\u00e9s Manuel L\u00f3pez Obrador.<\/p>\n<p>De esta forma, la Administraci\u00f3n de L\u00f3pez Obrador pas\u00f3 de una pol\u00edtica de brazos abiertos en los primeros meses de su Gobierno, en los que entreg\u00f3 <strong>13.270<\/strong> Tarjetas de Visitante por Razones Humanitarias a personas migrantes de Centroam\u00e9rica y cuyo programa concluy\u00f3\u00a0en febrero pasado, a romper los r\u00e9cords de detenciones y deportaciones.<\/p>\n<p>\u00abVemos que el Gobierno mexicano ha implementado una pol\u00edtica migratoria totalmente <strong>reactiva<\/strong> a\u00a0cualquier tipo de pretensi\u00f3n e instrucci\u00f3n de Estados Unidos. Estos acuerdos son muy desproporcionados para M\u00e9xico y desde la sociedad civil cuestionamos la validez del propio acuerdo, tanto por el contenido como por la manera formal de suscribirlo\u00bb, expone Ana Saiz, directora de Sin Fronteras, una organizaci\u00f3n dedicada a la protecci\u00f3n y defensa de los derechos humanos de las personas migrantes.<\/p>\n<div class=\"column static_66-high_100\">\n<div class=\"cell\">\n<div class=\"main__article--container article arcticle \" data-tf-article=\"https:\/\/actualidad.rt.com\/actualidad\/321804-resultados-migrantes-eeuu-mexico\">\n<div class=\"arcticle-content-wrapper\">\n<div class=\"arcticle-content js-mediator-article\">\n<p>La pol\u00edtica migratoria de M\u00e9xico podr\u00eda tener un antes y un despu\u00e9s; presionada por EE.UU., el paso de los migrantes se ha visto inhibido. \u00abHa habido un cambio, entre el antes y\u00a0el despu\u00e9s al acuerdo [con EE.UU.]. Por una especie de presi\u00f3n de los gobiernos, los flujos se han diversificado, no hay tantas personas en los albergues cuando antes estaban desbordados, las personas est\u00e1n haciendo m\u00e1s procesos de solicitud de asilo y m\u00e1s personas pasan por las <strong>estaciones migratorias<\/strong>, es lo que hemos detectado en un acompa\u00f1amiento que hacemos con la Comisi\u00f3n Mexicana de Ayuda a Refugiados (Comar) y con el Alto Comisionado de las Naciones Unidas para los Refugiados (ACNUR)\u00bb, explica Gerardo Talavera, director de Casa Refugiados, una organizaci\u00f3n que promueve los derechos de personas refugiadas, solicitantes de asilo, desplazadas y migrantes.<\/p>\n<p>Tras el acuerdo con EE.UU., el Gobierno mexicano despleg\u00f3 <strong>6.000<\/strong> elementos de la <strong>Guardia Nacional<\/strong> en su frontera sur, <strong>15.000<\/strong>\u00a0en la norte y transfiri\u00f3 a m\u00e1s de <strong>650<\/strong> polic\u00edas federales al Instituto Nacional de Migraci\u00f3n (INM).<\/p>\n<p>Saiz tambi\u00e9n llama la atenci\u00f3n sobre que se est\u00e9 comisionando a la Guardia Nacional para realizar las detenciones y la contenci\u00f3n de las personas migrantes, pues, apunta, pone en riesgo la seguridad jur\u00eddica. \u00abSon cuerpos militares que se est\u00e1n enfrentando a tareas de contenci\u00f3n migratoria y no propiamente<strong> delincuencial<\/strong>, en un contexto de una falta administrativa y no de un delito\u00bb.<\/p>\n<p>A la crisis mexicana se sum\u00f3 la renuncia\u00a0de Tonatiuh Guill\u00e9n L\u00f3pez, reconocido por su amplio conocimiento en <strong>temas migratorios<\/strong>, al frente del INM, para nombrar en su puesto a Francisco Gardu\u00f1o Y\u00e1\u00f1ez, con una reconocida trayectoria en el <strong>sistema penitenciario federa<\/strong>l.<\/p>\n<p>Por su parte, EE.UU. devolvi\u00f3 a M\u00e9xico, entre el 29 de enero y el 11 de julio, a <strong>19.911<\/strong> centroamericanos en espera de la resoluci\u00f3n de asilo:\u00a0<strong>8.874<\/strong> fueron devueltos entre el 8 de junio y el 11 de julio, es decir despu\u00e9s del acuerdo migratorio.<\/p>\n<p>\u00abAntes de estos acuerdos, el flujo de personas que detectamos era del 10 %, es decir, hay un <strong>90 %<\/strong> del que nadie se entera que pasan ni a qu\u00e9 hora pasan. Datos de un informe de 2012 de la Organizaci\u00f3n Internacional para las Migraciones (OIM) refer\u00edan un flujo de 150.000 personas al a\u00f1o, seg\u00fan datos de Migraci\u00f3n, y datos de sociedad civil indicaban que era de entre 350.000 y 400.000 al a\u00f1o, es el rango de error que tenemos\u201d, destaca Talavera.<\/p>\n<div class=\"arcticle__read-more read-more\">\u00a0 La cifra de devoluciones podr\u00eda ir en aumento luego del anuncio de Donald Trump de limitar las solicitudes de asilo, anunciado el pasado 15 de julio. Algo con lo que la SRE dijo no coincidir y asegur\u00f3 que M\u00e9xico mantendr\u00eda su pol\u00edtica de asilo y refugio como marca la Ley sobre Refugiados, Protecci\u00f3n Complementaria y Asilo Pol\u00edtico y aclar\u00f3 que no se convertir\u00eda en un tercer pa\u00eds seguro.<\/div>\n<p>\u00abM\u00e9xico est\u00e1 violando el derecho de no devoluci\u00f3n, el derecho de asilo de las personas con esto de &#8216;esp\u00e9rate en M\u00e9xico mientras resolvemos tu solicitud de asilo'\u00bb, subraya Saiz, quien no ve ni claridad ni definici\u00f3n en la pol\u00edtica migratoria, a la que califica de \u00abbandazos reactivos\u00bb.<\/p>\n<p>Aunado a ello, la Administraci\u00f3n Trump arranc\u00f3 hace una semana una serie de <strong>redadas<\/strong> contra personas indocumentadas en su territorio sin que, hasta el momento, se conozcan resultados oficiales de la misma.<\/p>\n<h3>Hacia la construcci\u00f3n<\/h3>\n<p>Ambas organizaciones destacan que no ha habido apertura hacia expertos o sociedad civil para la construcci\u00f3n de una pol\u00edtica migratoria m\u00e1s clara e integral.<\/p>\n<p>\u00abEste Gobierno no tiene claridad en qu\u00e9 es la movilidad humana\u00bb, llama la atenci\u00f3n Saiz, y destaca la violaci\u00f3n a los derechos humanos en las acciones de detenci\u00f3n, contenci\u00f3n y deportaci\u00f3n \u00abescudadas detr\u00e1s de un discurso de protecci\u00f3n a los <strong>derechos humanos<\/strong>.\u00bb<\/p>\n<figure class=\"quotation\"><figcaption>\u00abHemos notado, del cambio del sexenio a la fecha, una especie de retroceso (en la atenci\u00f3n a migrantes)\u00bb. <cite> Gerardo Talavera. director de Casa Refugiados. <\/cite><\/figcaption><\/figure>\n<p>El director de Casa Refugiados habla de la necesidad de apertura a la sociedad civil para el dise\u00f1o de la pol\u00edtica migrante. \u00abHemos notado, del cambio del sexenio a la fecha, una especie de <strong>retroceso<\/strong>, primero en la sensibilidad de los funcionarios p\u00fablicos, una sensibilidad que nos ha ido costando como sociedad civil, pero tambi\u00e9n en la reducci\u00f3n de programas sociales a estas personas en vulnerabilidad\u00bb.<\/p>\n<p>El lunes pasado, L\u00f3pez Obrador inform\u00f3 que el Gobierno mexicano ha otorgado<strong> 1.200 empleos<\/strong> a migrantes, el 50 % de ellos en la frontera sur y la otra mitad en la frontera norte.<\/p>\n<p>El 8 de junio, desde la ciudad fronteriza de Tijuana,\u00a0el presidente ofreci\u00f3 \u00abayuda humanitaria y oportunidades de empleo, educaci\u00f3n, salud y bienestar a quienes esperen en M\u00e9xico su solicitud de asilo para ingresar legalmente a Estados Unidos\u00bb, una medida que tambi\u00e9n ha polarizado a sus gobernados.<\/p>\n<div class=\"arcticle-media arcticle-media_js_slider\">\n<div class=\"arcticle-media__caption\"><span class=\"arcticle-media__caption-item\">Migrantes centroamericanos bajan de una balsa tras cruzar el r\u00edo Suchiate desde Tec\u00fan Um\u00e1n, en Guatemala, a Ciudad Hidalgo, M\u00e9xico, el 11 de junio de 2019.<\/span> \/ <span class=\"arcticle-media__caption-item\">Jose Cabezas<\/span> \/ <span class=\"arcticle-media__caption-item\">Reuters<\/span><\/div>\n<\/div>\n<p>La poblaci\u00f3n mexicana ha manifiestado rechazo a los migrantes que atraviesan por su pa\u00eds, seg\u00fan una encuesta nacional en vivienda patrocinada por Grupo Reforma y The Washington Post, que revela que 55 % prefiere que sean deportados a sus pa\u00edses de origen y s\u00f3lo el 7 % quisiera que se les ofrezca residencia.<\/p>\n<p>\u00abNo tener una pol\u00edtica clara ha generado una <strong>presi\u00f3n innecesaria<\/strong> en ambas fronteras de M\u00e9xico, tanto en la norte y sur, ha generado incertidumbre entre la poblaci\u00f3n y acrecentado los discursos xenof\u00f3bicos\u201d, apunta Saiz.<\/p>\n<h3>A la espera \u2026<\/h3>\n<p>Este 19 de julio, L\u00f3pez Obrador se reuni\u00f3 con legisladores de EE.UU. para hablar del Tratado de Libre Comercio (T-MEC) y comparti\u00f3 que fue un encuentro fruct\u00edfero, tambi\u00e9n enfatiz\u00f3 que la pol\u00edtica migratoria emprendida por su Gobierno es \u00abfirme y clara\u00bb.<\/p>\n<p>Mientras que en su conferencia de prensa diaria, a pregunta de la prensa, asegur\u00f3 que los ni\u00f1os migrantes cuentan con \u00abtoda la protecci\u00f3n\u00bb del Estado mexicano.<\/p>\n<p>\u00abSi los migrantes est\u00e1n protegidos, apoyados, respaldados, se evita que se violen derechos humanos; con m\u00e1s raz\u00f3n estamos siendo cuidadosos de la <strong>atenci\u00f3n a los ni\u00f1os<\/strong>, hay hasta planes de Unicef para este prop\u00f3sito\u00bb,\u00a0 se\u00f1al\u00f3.<\/p>\n<p>El riesgo, enfatiza Saiz, es que la evaluaci\u00f3n que M\u00e9xico espera este 22 de julio est\u00e1 movida \u00abpor <strong>situaciones caprichosas<\/strong> de Estados Unidos porque no hay metas establecidas. Hoy te pueden decir que cumpliste y ma\u00f1ana que no cumpliste\u00bb.<\/p>\n<p><strong>Paola Morales<\/strong><\/p>\n<p><strong><em>Fuente: RT<br \/>\n<\/em><\/strong><\/p>\n<div class=\"clears mh\"><\/div>\n<div id=\"article-end\"><\/div>\n<\/div>\n<div class=\"buttons-social-networks \"><\/div>\n<\/div>\n<div class=\"banners sidebanner3\"><\/div>\n<\/div>\n<\/div>\n<\/div>\n<div class=\"banners sidebanner1\"><\/div>\n","protected":false},"excerpt":{"rendered":"<p>Se cumplen los 45 d\u00edas para la primera evaluaci\u00f3n a la estrategia migratoria implementada por la naci\u00f3n latinoamericana, a fin de contener el amago de la imposici\u00f3n de aranceles a todos sus productos en territorio estadounidense. Este 22 de julio se cumpli\u00f3 el plazo de 45 d\u00edas\u00a0acordado por los gobiernos de M\u00e9xico y EE.UU. para [&hellip;]<\/p>\n","protected":false},"author":1,"featured_media":15652,"comment_status":"open","ping_status":"open","sticky":false,"template":"","format":"standard","meta":{"rop_custom_images_group":[],"rop_custom_messages_group":[],"rop_publish_now":"initial","rop_publish_now_accounts":[],"rop_publish_now_history":[],"rop_publish_now_status":"pending","footnotes":""},"categories":[75],"tags":[],"class_list":["post-15651","post","type-post","status-publish","format-standard","has-post-thumbnail","hentry","category-actualidad"],"_links":{"self":[{"href":"https:\/\/notiissa.mx\/index.php?rest_route=\/wp\/v2\/posts\/15651","targetHints":{"allow":["GET"]}}],"collection":[{"href":"https:\/\/notiissa.mx\/index.php?rest_route=\/wp\/v2\/posts"}],"about":[{"href":"https:\/\/notiissa.mx\/index.php?rest_route=\/wp\/v2\/types\/post"}],"author":[{"embeddable":true,"href":"https:\/\/notiissa.mx\/index.php?rest_route=\/wp\/v2\/users\/1"}],"replies":[{"embeddable":true,"href":"https:\/\/notiissa.mx\/index.php?rest_route=%2Fwp%2Fv2%2Fcomments&post=15651"}],"version-history":[{"count":1,"href":"https:\/\/notiissa.mx\/index.php?rest_route=\/wp\/v2\/posts\/15651\/revisions"}],"predecessor-version":[{"id":15653,"href":"https:\/\/notiissa.mx\/index.php?rest_route=\/wp\/v2\/posts\/15651\/revisions\/15653"}],"wp:featuredmedia":[{"embeddable":true,"href":"https:\/\/notiissa.mx\/index.php?rest_route=\/wp\/v2\/media\/15652"}],"wp:attachment":[{"href":"https:\/\/notiissa.mx\/index.php?rest_route=%2Fwp%2Fv2%2Fmedia&parent=15651"}],"wp:term":[{"taxonomy":"category","embeddable":true,"href":"https:\/\/notiissa.mx\/index.php?rest_route=%2Fwp%2Fv2%2Fcategories&post=15651"},{"taxonomy":"post_tag","embeddable":true,"href":"https:\/\/notiissa.mx\/index.php?rest_route=%2Fwp%2Fv2%2Ftags&post=15651"}],"curies":[{"name":"wp","href":"https:\/\/api.w.org\/{rel}","templated":true}]}}