{"id":15621,"date":"2019-07-20T01:47:29","date_gmt":"2019-07-20T01:47:29","guid":{"rendered":"http:\/\/notiissa.mx\/?p=15621"},"modified":"2019-07-20T01:47:29","modified_gmt":"2019-07-20T01:47:29","slug":"arabia-saudita-acogera-a-tropas-estadounidenses-en-su-territorio","status":"publish","type":"post","link":"https:\/\/notiissa.mx\/?p=15621","title":{"rendered":"Arabia Saudita acoger\u00e1 a tropas estadounidenses en su territorio"},"content":{"rendered":"<p>La decisi\u00f3n est\u00e1 destinada \u00aba aumentar la cooperaci\u00f3n conjunta en defensa de la seguridad y estabilidad regional\u00bb.<\/p>\n<p>El rey Salm\u00e1n ha aprobado recibir a las fuerzas estadounidenses en Arabia Saudita para impulsar la seguridad y la estabilidad en la regi\u00f3n. La agencia estatal del reino inform\u00f3, citando a un representante del Ministerio de Defensa, que la decisi\u00f3n est\u00e1 destinada \u00aba aumentar la cooperaci\u00f3n conjunta en defensa de la seguridad y estabilidad regional y a preservar su paz\u00bb.<\/p>\n<p>El jefe del Pent\u00e1gono ha autorizado el despliegue de las fuerzas y recursos estadounidenses al reino. Las tropas se unir\u00e1n a los m\u00e1s de 70.000 militares estadounidenses ya presentes en la regi\u00f3n, donde el Pent\u00e1gono ha estado acumulando sus activos durante meses.<\/p>\n<p>A principios de mayo, EE.UU.\u00a0decidi\u00f3\u00a0reforzar su contingente militar en\u00a0Oriente Medio\u00a0con el grupo de combate del portaviones\u00a0USS Abraham Lincoln, as\u00ed como con un\u00a0grupo operativo de bombarderos. El pa\u00eds norteamericano\u00a0justific\u00f3\u00a0estas acciones afirmando que sus intereses y los de sus aliados se enfrentan a una\u00a0\u00abamenaza cre\u00edble\u00bb\u00a0proveniente de Ir\u00e1n, percepci\u00f3n que Teher\u00e1n ha\u00a0negado en reiteradas ocasiones.<\/p>\n<p>Adem\u00e1s, el secretario de Estado de EE.UU., Mike Pompeo, confirm\u00f3 la aprobaci\u00f3n de 8.100 millones de d\u00f3lares en transferencias de armas a Arabia Saudita, Jordania y los Emiratos \u00c1rabes Unidos en un intento por<strong> \u00abdisuadir la agresi\u00f3n iran\u00ed\u00bb<\/strong>.<\/p>\n<p>Este viernes, el presidente de EE.UU., Donald Trump, declar\u00f3\u00a0que Washington est\u00e1 listo para obligar a Teher\u00e1n a pagar \u00ab<strong>el precio que nadie jam\u00e1s ha pagado<\/strong>\u00bb si la naci\u00f3n persa hace algo \u00abtonto\u00bb.<\/p>\n<h3>Aumento de tensi\u00f3n<\/h3>\n<p>Las\u00a0tensiones\u00a0entre ambos pa\u00edses\u00a0se han intensificado\u00a0despu\u00e9s de que el pasado 19 de junio Ir\u00e1n derribara un dron estadounidense en aguas del estrecho de Ormuz tras haber ingresado en su espacio a\u00e9reo. El 21 de junio, Donald Trump,\u00a0afirm\u00f3\u00a0que quiso\u00a0<strong>atacar a Ir\u00e1n<\/strong>\u00a0como represalia por el derribo del veh\u00edculo a\u00e9reo no tripulado, pero cancel\u00f3 la operaci\u00f3n 10 minutos antes porque esta producir\u00eda v\u00edctimas mortales.<\/p>\n<p>Esta semana, Trump\u00a0declar\u00f3\u00a0que el barco de asalto anfibio USS Boxer\u00a0<strong>derrib\u00f3 un dron de Ir\u00e1n<\/strong>\u00a0en el estrecho de Ormuz.\u00a0Por su parte, el portavoz del Estado Mayor General de las Fuerzas Armadas iran\u00edes, el general de brigada Abolfazl Shekarchi,\u00a0desminti\u00f3\u00a0el anuncio sobre el derribo.<\/p>\n<p>Este viernes, los Cuerpos de la Guardia Revolucionaria de Ir\u00e1n\u00a0han divulgado\u00a0una grabaci\u00f3n a\u00e9rea tomada por el dron que Washington afirm\u00f3 haber abatido. Las im\u00e1genes desmentir\u00edan, seg\u00fan Teher\u00e1n, su derribo por parte de un buque de la Marina estadounidense.<\/p>\n<p>&nbsp;<\/p>\n","protected":false},"excerpt":{"rendered":"<p>La decisi\u00f3n est\u00e1 destinada \u00aba aumentar la cooperaci\u00f3n conjunta en defensa de la seguridad y estabilidad regional\u00bb. El rey Salm\u00e1n ha aprobado recibir a las fuerzas estadounidenses en Arabia Saudita para impulsar la seguridad y la estabilidad en la regi\u00f3n. La agencia estatal del reino inform\u00f3, citando a un representante del Ministerio de Defensa, que [&hellip;]<\/p>\n","protected":false},"author":1,"featured_media":15622,"comment_status":"open","ping_status":"open","sticky":false,"template":"","format":"standard","meta":{"rop_custom_images_group":[],"rop_custom_messages_group":[],"rop_publish_now":"initial","rop_publish_now_accounts":[],"rop_publish_now_history":[],"rop_publish_now_status":"pending","footnotes":""},"categories":[75],"tags":[],"class_list":["post-15621","post","type-post","status-publish","format-standard","has-post-thumbnail","hentry","category-actualidad"],"_links":{"self":[{"href":"https:\/\/notiissa.mx\/index.php?rest_route=\/wp\/v2\/posts\/15621","targetHints":{"allow":["GET"]}}],"collection":[{"href":"https:\/\/notiissa.mx\/index.php?rest_route=\/wp\/v2\/posts"}],"about":[{"href":"https:\/\/notiissa.mx\/index.php?rest_route=\/wp\/v2\/types\/post"}],"author":[{"embeddable":true,"href":"https:\/\/notiissa.mx\/index.php?rest_route=\/wp\/v2\/users\/1"}],"replies":[{"embeddable":true,"href":"https:\/\/notiissa.mx\/index.php?rest_route=%2Fwp%2Fv2%2Fcomments&post=15621"}],"version-history":[{"count":1,"href":"https:\/\/notiissa.mx\/index.php?rest_route=\/wp\/v2\/posts\/15621\/revisions"}],"predecessor-version":[{"id":15623,"href":"https:\/\/notiissa.mx\/index.php?rest_route=\/wp\/v2\/posts\/15621\/revisions\/15623"}],"wp:featuredmedia":[{"embeddable":true,"href":"https:\/\/notiissa.mx\/index.php?rest_route=\/wp\/v2\/media\/15622"}],"wp:attachment":[{"href":"https:\/\/notiissa.mx\/index.php?rest_route=%2Fwp%2Fv2%2Fmedia&parent=15621"}],"wp:term":[{"taxonomy":"category","embeddable":true,"href":"https:\/\/notiissa.mx\/index.php?rest_route=%2Fwp%2Fv2%2Fcategories&post=15621"},{"taxonomy":"post_tag","embeddable":true,"href":"https:\/\/notiissa.mx\/index.php?rest_route=%2Fwp%2Fv2%2Ftags&post=15621"}],"curies":[{"name":"wp","href":"https:\/\/api.w.org\/{rel}","templated":true}]}}