{"id":14574,"date":"2019-02-10T17:14:23","date_gmt":"2019-02-10T17:14:23","guid":{"rendered":"http:\/\/notiissa.mx\/?p=14574"},"modified":"2019-02-10T17:14:23","modified_gmt":"2019-02-10T17:14:23","slug":"acuden-200-personas-a-odontologia-para-detectar-cancer-oral","status":"publish","type":"post","link":"https:\/\/notiissa.mx\/?p=14574","title":{"rendered":"Acuden 200 personas a Odontolog\u00eda para detectar c\u00e1ncer oral"},"content":{"rendered":"<p>Todo un \u00e9xito result\u00f3 la campa\u00f1a \u201cSaca la lengua\u201d que se efectu\u00f3 en la Facultad de Odontolog\u00eda de la UACH, donde cerca de 200 personas acudieron a recibir informaci\u00f3n y hacerse un examen para detectar el c\u00e1ncer oral.<\/p>\n<p>Esta actividad se realiz\u00f3 en el marco del D\u00eda Mundial de la Lucha Contra el C\u00e1ncer que se celebra el 4 de febrero, sin embargo, es importante se\u00f1alar que la Facultad de Odontolog\u00eda tiene una campa\u00f1a permanente de detecci\u00f3n de este c\u00e1ncer, el cual es de los 10 m\u00e1s comunes en t\u00e9rminos del n\u00famero de casos.<\/p>\n<p>La Dra. Daniela Muela Campos, coordinadora de la campa\u00f1a en el norte del pa\u00eds y catedr\u00e1tica de esta unidad acad\u00e9mica, inform\u00f3 que es importante tomar conciencia de la prevenci\u00f3n del c\u00e1ncer oral, toda vez que el diagn\u00f3stico tard\u00edo se asocia a la baja sobrevida de los pacientes; solo un 50% de ellos est\u00e1 vivo a los cinco a\u00f1os de detectada la enfermedad.<\/p>\n<p>Por lo anterior, recomend\u00f3 a la poblaci\u00f3n chihuahuense realizarse un autoexamen frente a un espejo para detectar alguna anormalidad en su boca como puede ser heridas que no cicatricen por m\u00e1s de 15 d\u00edas, cambios de color en la lengua (rojo, blanco, mixto, negro), cambios de forma y consistencia, dificultad para mover la lengua, masticar o tragar alimentos, aumentos de volumen en la boca y cuello.<\/p>\n<p>Finalmente, Muela Campos dijo que en caso de detectar alguna lesi\u00f3n o sospechar de c\u00e1ncer oral, puede acudir directamente a la Facultad de Odontolog\u00eda donde se le dar\u00e1 atenci\u00f3n profesional en las cl\u00ednicas y laboratorios.<\/p>\n<p>Participaron en la campa\u00f1a \u201cSaca la lengua\u201d, docentes y estudiantes de la Facultad quienes brindaron informaci\u00f3n y atendieron a las personas que se dieron cita desde muy temprana hora a realizarse el examen.\u00a0<span lang=\"ES\">\u00a0<\/span><\/p>\n","protected":false},"excerpt":{"rendered":"<p>Todo un \u00e9xito result\u00f3 la campa\u00f1a \u201cSaca la lengua\u201d que se efectu\u00f3 en la Facultad de Odontolog\u00eda de la UACH, donde cerca de 200 personas acudieron a recibir informaci\u00f3n y hacerse un examen para detectar el c\u00e1ncer oral. Esta actividad se realiz\u00f3 en el marco del D\u00eda Mundial de la Lucha Contra el C\u00e1ncer que [&hellip;]<\/p>\n","protected":false},"author":1,"featured_media":14575,"comment_status":"open","ping_status":"open","sticky":false,"template":"","format":"standard","meta":{"rop_custom_images_group":[],"rop_custom_messages_group":[],"rop_publish_now":"initial","rop_publish_now_accounts":[],"rop_publish_now_history":[],"rop_publish_now_status":"pending","footnotes":""},"categories":[64,71],"tags":[],"class_list":["post-14574","post","type-post","status-publish","format-standard","has-post-thumbnail","hentry","category-educacion","category-salud"],"_links":{"self":[{"href":"https:\/\/notiissa.mx\/index.php?rest_route=\/wp\/v2\/posts\/14574","targetHints":{"allow":["GET"]}}],"collection":[{"href":"https:\/\/notiissa.mx\/index.php?rest_route=\/wp\/v2\/posts"}],"about":[{"href":"https:\/\/notiissa.mx\/index.php?rest_route=\/wp\/v2\/types\/post"}],"author":[{"embeddable":true,"href":"https:\/\/notiissa.mx\/index.php?rest_route=\/wp\/v2\/users\/1"}],"replies":[{"embeddable":true,"href":"https:\/\/notiissa.mx\/index.php?rest_route=%2Fwp%2Fv2%2Fcomments&post=14574"}],"version-history":[{"count":1,"href":"https:\/\/notiissa.mx\/index.php?rest_route=\/wp\/v2\/posts\/14574\/revisions"}],"predecessor-version":[{"id":14576,"href":"https:\/\/notiissa.mx\/index.php?rest_route=\/wp\/v2\/posts\/14574\/revisions\/14576"}],"wp:featuredmedia":[{"embeddable":true,"href":"https:\/\/notiissa.mx\/index.php?rest_route=\/wp\/v2\/media\/14575"}],"wp:attachment":[{"href":"https:\/\/notiissa.mx\/index.php?rest_route=%2Fwp%2Fv2%2Fmedia&parent=14574"}],"wp:term":[{"taxonomy":"category","embeddable":true,"href":"https:\/\/notiissa.mx\/index.php?rest_route=%2Fwp%2Fv2%2Fcategories&post=14574"},{"taxonomy":"post_tag","embeddable":true,"href":"https:\/\/notiissa.mx\/index.php?rest_route=%2Fwp%2Fv2%2Ftags&post=14574"}],"curies":[{"name":"wp","href":"https:\/\/api.w.org\/{rel}","templated":true}]}}