{"id":14571,"date":"2019-02-10T17:09:30","date_gmt":"2019-02-10T17:09:30","guid":{"rendered":"http:\/\/notiissa.mx\/?p=14571"},"modified":"2019-02-10T17:09:30","modified_gmt":"2019-02-10T17:09:30","slug":"instalan-modulos-de-deteccion-de-enfermedades-en-el-issste","status":"publish","type":"post","link":"https:\/\/notiissa.mx\/?p=14571","title":{"rendered":"Instalan m\u00f3dulos de detecci\u00f3n de enfermedades en el ISSSTE"},"content":{"rendered":"<p>La Delegaci\u00f3n del ISSSTE en el Estado, a trav\u00e9s de la Subdelegaci\u00f3n M\u00e9dica, abri\u00f3 este d\u00eda m\u00f3dulos para chequeo de diversos padecimientos que pudieran convertirse en cr\u00f3nico-degenerativos, en continuidad de la campa\u00f1a \u201cFebrero, mes de la salud del hombre\u201d.<\/p>\n<p>El aula de las mismas instalaciones fue el marco en donde Monserrat Elizondo disert\u00f3 una conferencia sobre \u201ccuidados paliativos\u201d o \u201cMedicina Paliativa\u201d, a la que asisti\u00f3 el Delegado Jorge Esteban Sandoval, y dem\u00e1s personal directivo y operativo del Instituto.<\/p>\n<p>En las mesas de atenci\u00f3n a varones, que fueron instaladas en el pasillo principal de la Delegaci\u00f3n Estatal, se revis\u00f3 a trabajadores y derechohabientes, niveles de az\u00facar, presi\u00f3n arterial, peso y talla, y se aplicaron cuestionarios para detectar si los pacientes son susceptibles de la prueba de ant\u00edgeno prost\u00e1tico para c\u00e1ncer de pr\u00f3stata o no.<\/p>\n<p>Durante la pl\u00e1tica de cuidados paliativos, la expositora explic\u00f3 que en los procesos de enfermedad, el apoyo paliativo consiste en diferentes acciones para manejo del dolor, mejora de la calidad de vida, para mantener la actividad, as\u00ed como fomentar aspectos sociales, psicol\u00f3gicos e incluso espirituales de los enfermos, durante sus tratamientos.<\/p>\n<p>La medicina paliativa, agreg\u00f3 la Elizondo, busca brindar una atenci\u00f3n integral a los pacientes de diferentes enfermedades, tales como c\u00e1ncer, diabetes, VIH (Sida), entre otros.<\/p>\n","protected":false},"excerpt":{"rendered":"<p>La Delegaci\u00f3n del ISSSTE en el Estado, a trav\u00e9s de la Subdelegaci\u00f3n M\u00e9dica, abri\u00f3 este d\u00eda m\u00f3dulos para chequeo de diversos padecimientos que pudieran convertirse en cr\u00f3nico-degenerativos, en continuidad de la campa\u00f1a \u201cFebrero, mes de la salud del hombre\u201d. El aula de las mismas instalaciones fue el marco en donde Monserrat Elizondo disert\u00f3 una conferencia [&hellip;]<\/p>\n","protected":false},"author":1,"featured_media":14572,"comment_status":"open","ping_status":"open","sticky":false,"template":"","format":"standard","meta":{"rop_custom_images_group":[],"rop_custom_messages_group":[],"rop_publish_now":"initial","rop_publish_now_accounts":[],"rop_publish_now_history":[],"rop_publish_now_status":"pending","footnotes":""},"categories":[72,71],"tags":[23],"class_list":["post-14571","post","type-post","status-publish","format-standard","has-post-thumbnail","hentry","category-estado","category-salud","tag-destacado"],"_links":{"self":[{"href":"https:\/\/notiissa.mx\/index.php?rest_route=\/wp\/v2\/posts\/14571","targetHints":{"allow":["GET"]}}],"collection":[{"href":"https:\/\/notiissa.mx\/index.php?rest_route=\/wp\/v2\/posts"}],"about":[{"href":"https:\/\/notiissa.mx\/index.php?rest_route=\/wp\/v2\/types\/post"}],"author":[{"embeddable":true,"href":"https:\/\/notiissa.mx\/index.php?rest_route=\/wp\/v2\/users\/1"}],"replies":[{"embeddable":true,"href":"https:\/\/notiissa.mx\/index.php?rest_route=%2Fwp%2Fv2%2Fcomments&post=14571"}],"version-history":[{"count":1,"href":"https:\/\/notiissa.mx\/index.php?rest_route=\/wp\/v2\/posts\/14571\/revisions"}],"predecessor-version":[{"id":14573,"href":"https:\/\/notiissa.mx\/index.php?rest_route=\/wp\/v2\/posts\/14571\/revisions\/14573"}],"wp:featuredmedia":[{"embeddable":true,"href":"https:\/\/notiissa.mx\/index.php?rest_route=\/wp\/v2\/media\/14572"}],"wp:attachment":[{"href":"https:\/\/notiissa.mx\/index.php?rest_route=%2Fwp%2Fv2%2Fmedia&parent=14571"}],"wp:term":[{"taxonomy":"category","embeddable":true,"href":"https:\/\/notiissa.mx\/index.php?rest_route=%2Fwp%2Fv2%2Fcategories&post=14571"},{"taxonomy":"post_tag","embeddable":true,"href":"https:\/\/notiissa.mx\/index.php?rest_route=%2Fwp%2Fv2%2Ftags&post=14571"}],"curies":[{"name":"wp","href":"https:\/\/api.w.org\/{rel}","templated":true}]}}