{"id":14534,"date":"2019-02-02T19:55:47","date_gmt":"2019-02-02T19:55:47","guid":{"rendered":"http:\/\/notiissa.mx\/?p=14534"},"modified":"2019-02-02T19:55:47","modified_gmt":"2019-02-02T19:55:47","slug":"mas-de-40-eventos-disponibles-en-la-temporada-de-artes-soyfa","status":"publish","type":"post","link":"https:\/\/notiissa.mx\/?p=14534","title":{"rendered":"M\u00e1s de 40 eventos disponibles en la Temporada de Artes #SoyFA"},"content":{"rendered":"<p class=\"yiv5030307484MsoNormal\">La Facultad de Artes se ha propuesto incidir en el ritmo de la entidad en la que se desarrolla haciendo suyo el espacio de su contexto, proponiendo alternativas de reflexi\u00f3n y esparcimiento. Al igual que en el arte, mediante 40 presentaciones de danza, teatro, m\u00fasica, artes visuales e investigaciones en la Temporada de Artes disponible del 07 de febrero al 30 de mayo del 2019.<\/p>\n<p class=\"yiv5030307484MsoNormal\">Reiterando el compromiso adquirido con la comunidad chihuahuense ofrece lo mejor del quehacer acad\u00e9mico y de investigaci\u00f3n, expresado en los 5 programas que dan vida a la temporada, expres\u00f3 el Dr. Roberto Ramson Carty, director de la Facultad de Artes.<\/p>\n<p class=\"yiv5030307484MsoNormal\">En el Programa Permanente para la escena, este semestre se presentan 13 eventos que reflejan el trabajo de estudiantes, egresados y docentes que crean y dan vida a los personajes que en escena son reales por un tiempo y se los presentan a poblaci\u00f3n abierta.<\/p>\n<p class=\"yiv5030307484MsoNormal\">Con el Programa Permanente para la escena dedicado a la danza, se configura el cuerpo mediante la t\u00e9cnica y la creatividad, con el fin de llevarlo al escenario a trav\u00e9s del movimiento y transformar el cuerpo en la esencia de su percepci\u00f3n y ofrecerlo a trav\u00e9s de 10 espect\u00e1culos.<\/p>\n<p class=\"yiv5030307484MsoNormal\">A trav\u00e9s del Programa Permanente de M\u00fasica Expresarte, se programaron 6 conciertos para deleitar al p\u00fablico con lo m\u00e1s nuevo del trabajo y quehacer musical de alumnados y personal acad\u00e9mico.<\/p>\n<p class=\"yiv5030307484MsoNormal\">En el programa de Artes Visuales, las obras que se presentan en esta temporada son tan diversas como sus creadores. Distintos medios utilizados que van desde la pintura, el dibujo, la fotograf\u00eda, entre otros. Todas las manifestaciones que lanzan interrogantes e invitan a ser interpretadas desde las respectivas perspectivas personales.<\/p>\n<p class=\"yiv5030307484MsoNormal\">El Programa de Investigaci\u00f3n contar\u00e1 como 12 conferencias en las disciplinas de m\u00fasica, artes visuales y teatro, con un \u00e9nfasis particular en lo regional. Todo con la finalidad de fomentar el intercambio de ideas a trav\u00e9s de la exposici\u00f3n de trabajos de investigaci\u00f3n realizados por docentes de nuestra facultad y por estudiantes egresados, as\u00ed como por colegas de otras instituciones e incluso independientes.<\/p>\n<p class=\"yiv5030307484MsoNormal\">Realizaremos la Cl\u00ednica de Producci\u00f3n en Arte, una revisi\u00f3n detallada de la producci\u00f3n art\u00edstica local de la mano de Oth\u00f3n T\u00e9llez durante el mes de febrero.<\/p>\n<p class=\"yiv5030307484MsoNormal\">Aunado a lo anterior, dentro de esta temporada se festeja el 30 aniversario del Festival de Marzo con talleres, conciertos y exposiciones programadas del 25 al 29 de marzo.<\/p>\n<p class=\"yiv5030307484MsoNormal\">El 04 y 05 de abril llevaremos a cabo las Jornadas de Creadores, un espacio de intercambio acad\u00e9mico entre docentes y estudiantes.<\/p>\n<p class=\"yiv5030307484MsoNormal\">Y el OPEN HOUSE programado el 15 de mayo, una fiesta con estudiantes de preparatoria y bachilleres interesados en estudiar Artes.<\/p>\n<p class=\"yiv5030307484MsoNormal\">La Temporada de Artes 2019 es v\u00e1lida para el carnet cultural, cuenta con su programaci\u00f3n en l\u00ednea a trav\u00e9s de Facebook, Twitter e Instagram, la web www.fa.uach.mx y\/o nuestra edici\u00f3n impresa disponible en restaurantes y caf\u00e9s en el centro de la ciudad y circuito universitario.<\/p>\n","protected":false},"excerpt":{"rendered":"<p>La Facultad de Artes se ha propuesto incidir en el ritmo de la entidad en la que se desarrolla haciendo suyo el espacio de su contexto, proponiendo alternativas de reflexi\u00f3n y esparcimiento. Al igual que en el arte, mediante 40 presentaciones de danza, teatro, m\u00fasica, artes visuales e investigaciones en la Temporada de Artes disponible [&hellip;]<\/p>\n","protected":false},"author":1,"featured_media":14535,"comment_status":"open","ping_status":"open","sticky":false,"template":"","format":"standard","meta":{"rop_custom_images_group":[],"rop_custom_messages_group":[],"rop_publish_now":"initial","rop_publish_now_accounts":[],"rop_publish_now_history":[],"rop_publish_now_status":"pending","footnotes":""},"categories":[73,62,64],"tags":[23],"class_list":["post-14534","post","type-post","status-publish","format-standard","has-post-thumbnail","hentry","category-arte","category-cultura","category-educacion","tag-destacado"],"_links":{"self":[{"href":"https:\/\/notiissa.mx\/index.php?rest_route=\/wp\/v2\/posts\/14534","targetHints":{"allow":["GET"]}}],"collection":[{"href":"https:\/\/notiissa.mx\/index.php?rest_route=\/wp\/v2\/posts"}],"about":[{"href":"https:\/\/notiissa.mx\/index.php?rest_route=\/wp\/v2\/types\/post"}],"author":[{"embeddable":true,"href":"https:\/\/notiissa.mx\/index.php?rest_route=\/wp\/v2\/users\/1"}],"replies":[{"embeddable":true,"href":"https:\/\/notiissa.mx\/index.php?rest_route=%2Fwp%2Fv2%2Fcomments&post=14534"}],"version-history":[{"count":1,"href":"https:\/\/notiissa.mx\/index.php?rest_route=\/wp\/v2\/posts\/14534\/revisions"}],"predecessor-version":[{"id":14536,"href":"https:\/\/notiissa.mx\/index.php?rest_route=\/wp\/v2\/posts\/14534\/revisions\/14536"}],"wp:featuredmedia":[{"embeddable":true,"href":"https:\/\/notiissa.mx\/index.php?rest_route=\/wp\/v2\/media\/14535"}],"wp:attachment":[{"href":"https:\/\/notiissa.mx\/index.php?rest_route=%2Fwp%2Fv2%2Fmedia&parent=14534"}],"wp:term":[{"taxonomy":"category","embeddable":true,"href":"https:\/\/notiissa.mx\/index.php?rest_route=%2Fwp%2Fv2%2Fcategories&post=14534"},{"taxonomy":"post_tag","embeddable":true,"href":"https:\/\/notiissa.mx\/index.php?rest_route=%2Fwp%2Fv2%2Ftags&post=14534"}],"curies":[{"name":"wp","href":"https:\/\/api.w.org\/{rel}","templated":true}]}}