{"id":14048,"date":"2016-08-06T20:40:13","date_gmt":"2016-08-06T20:40:13","guid":{"rendered":"http:\/\/notiissa.mx\/?p=14048"},"modified":"2016-08-06T20:40:13","modified_gmt":"2016-08-06T20:40:13","slug":"convoca-uach-al-premio-el-valor-de-la-legalidad%e2%80%8borgullo-de-%e2%80%8bser-uach%e2%80%8b-2016","status":"publish","type":"post","link":"https:\/\/notiissa.mx\/?p=14048","title":{"rendered":"Convoca UACH al premio \u201cEl Valor de la Legalidad\u2026\u200b\u00a1Orgullo de \u200bser UACH\u200b! 2016\u201d"},"content":{"rendered":"<div id=\"yui_3_16_0_ym19_1_1470512378321_21040\">\n<p id=\"yui_3_16_0_ym19_1_1470512378321_21037\" class=\"yiv8068519141MsoNormal\"><span id=\"yui_3_16_0_ym19_1_1470512378321_21036\">La Universidad Aut\u00f3noma de Chihuahua en el marco del Programa Universitario para Impulsar la Cultura de la Legalidad 2016 convoca al premio \u201cEl Valor de la Legalidad\u2026 Orgullo de Ser UACH\u201d con el prop\u00f3sito de que la comunidad universitaria sea copart\u00edcipe en la difusi\u00f3n y promoci\u00f3n de la Cultura de la Legalidad.<\/span><\/p>\n<p id=\"yui_3_16_0_ym19_1_1470512378321_21047\" class=\"yiv8068519141MsoNormal\">\u00a0<span id=\"yui_3_16_0_ym19_1_1470512378321_21046\">Para dicha convocatoria se tienen como bases:<\/span><\/p>\n<p id=\"yui_3_16_0_ym19_1_1470512378321_21049\" class=\"yiv8068519141MsoNormal\">\u00b7<span id=\"yui_3_16_0_ym19_1_1470512378321_21048\"> Podr\u00e1n participar individualmente o por grupo los alumnos regulares que se encuentren inscritos en alguno de los programas acad\u00e9micos t\u00e9cnicos o de licenciatura que se imparten en cualquier de las 15 unidades acad\u00e9micas de la Universidad Aut\u00f3noma de Chihuahua.<\/span><\/p>\n<p id=\"yui_3_16_0_ym19_1_1470512378321_21065\" class=\"yiv8068519141MsoNormal\">\u00b7<span id=\"yui_3_16_0_ym19_1_1470512378321_21064\">El objetivo del concurso consiste en que los estudiantes universitarios realicen un proyecto encaminado a difundir la Cultura de la Legalidad, encuadrado en alguna de las cuatro categor\u00edas: cortometraje, canci\u00f3n, cartel o proyecto de Intervenci\u00f3n Universitaria las cuales deber\u00e1n estar encaminadas a \u00bfQu\u00e9 es la Cultura de la Legalidad?, \u00bfCu\u00e1l es su importancia?, \u00bfQu\u00e9 proponen ellos para impulsarla? y\/o \u00bfPor qu\u00e9 el autor se considera ejemplo de Cultura de la Legalidad?.<\/span><\/p>\n<p id=\"yui_3_16_0_ym19_1_1470512378321_21070\" class=\"yiv8068519141MsoNormal\">La premiaci\u00f3n constar\u00e1:<\/p>\n<p id=\"yui_3_16_0_ym19_1_1470512378321_21073\" class=\"yiv8068519141MsoNormal\">\u00b7<span id=\"yui_3_16_0_ym19_1_1470512378321_21072\">Primer lugar: condonaci\u00f3n del 100% del costo de inscripci\u00f3n y colegiatura del programa educativo t\u00e9cnico o de licenciatura que se encuentre cursando hasta el total de su conclusi\u00f3n.<\/span><\/p>\n<p id=\"yui_3_16_0_ym19_1_1470512378321_21075\" class=\"yiv8068519141MsoNormal\">\u00b7<span id=\"yui_3_16_0_ym19_1_1470512378321_21074\">Segundo lugar: condonaci\u00f3n del 100% del costo de inscripci\u00f3n y colegiatura del semestre enero- junio 2017 del programa educativo t\u00e9cnico o de licenciatura que se encuentre cursando.<\/span><\/p>\n<p id=\"yui_3_16_0_ym19_1_1470512378321_21079\" class=\"yiv8068519141MsoNormal\"><span id=\"yui_3_16_0_ym19_1_1470512378321_21078\">De entren los primeros lugares de cada categor\u00eda el jurado elegir\u00e1 al proyecto ganador absoluto del Premio 2016 \u201cEl Valor de la Legalidad\u2026 Orgullo de ser UACH\u201d, quien adem\u00e1s de la condonaci\u00f3n del 100% del costo de inscripci\u00f3n y colegiatura del programa educativo de licenciatura que se encuentre cursando, obtendr\u00e1 la condonaci\u00f3n de los costos de titulaci\u00f3n.\u00a0<\/span><\/p>\n<p class=\"yiv8068519141MsoNormal\">El lugar, fecha y forma de la premiaci\u00f3n se acordar\u00e1 de com\u00fan acuerdo con los participantes.<\/p>\n<p id=\"yui_3_16_0_ym19_1_1470512378321_21082\" class=\"yiv8068519141MsoNormal\"><span id=\"yui_3_16_0_ym19_1_1470512378321_21081\">Convocatoria abierta del 20 de Junio al 31 de Agosto del 2016; para mayor informaci\u00f3n y consulta de las bases en http\/\/:<a href=\"http:\/\/uach.mx\/\" target=\"_blank\" rel=\"nofollow\">uach.mx<\/a>\u00a0\u00a0y http\/\/:<a href=\"http:\/\/legalidad.uach.mx\/\" target=\"_blank\" rel=\"nofollow\">legalidad.uach.mx<\/a>\u00a0o bien, en la Secretar\u00eda de Planeaci\u00f3n de cada facultad, as\u00ed como al correo electr\u00f3nico\u00a0<a href=\"mailto:eparra@uach.mx\" target=\"_blank\" rel=\"nofollow\">eparra@uach.mx<\/a>\u00a0y\u00a0<a id=\"yui_3_16_0_ym19_1_1470512378321_21093\" href=\"mailto:afpadilla@uach.mx\" target=\"_blank\" rel=\"nofollow\">a fpadilla@uach.mx<\/a><\/span><\/p>\n<\/div>\n<div id=\"yui_3_16_0_ym19_1_1470512378321_21091\"><\/div>\n","protected":false},"excerpt":{"rendered":"<p>La Universidad Aut\u00f3noma de Chihuahua en el marco del Programa Universitario para Impulsar la Cultura de la Legalidad 2016 convoca al premio \u201cEl Valor de la Legalidad\u2026 Orgullo de Ser UACH\u201d con el prop\u00f3sito de que la comunidad universitaria sea copart\u00edcipe en la difusi\u00f3n y promoci\u00f3n de la Cultura de la Legalidad. \u00a0Para dicha convocatoria [&hellip;]<\/p>\n","protected":false},"author":1,"featured_media":14049,"comment_status":"open","ping_status":"open","sticky":false,"template":"","format":"standard","meta":{"rop_custom_images_group":[],"rop_custom_messages_group":[],"rop_publish_now":"initial","rop_publish_now_accounts":[],"rop_publish_now_history":[],"rop_publish_now_status":"pending","footnotes":""},"categories":[64],"tags":[23],"class_list":["post-14048","post","type-post","status-publish","format-standard","has-post-thumbnail","hentry","category-educacion","tag-destacado"],"_links":{"self":[{"href":"https:\/\/notiissa.mx\/index.php?rest_route=\/wp\/v2\/posts\/14048","targetHints":{"allow":["GET"]}}],"collection":[{"href":"https:\/\/notiissa.mx\/index.php?rest_route=\/wp\/v2\/posts"}],"about":[{"href":"https:\/\/notiissa.mx\/index.php?rest_route=\/wp\/v2\/types\/post"}],"author":[{"embeddable":true,"href":"https:\/\/notiissa.mx\/index.php?rest_route=\/wp\/v2\/users\/1"}],"replies":[{"embeddable":true,"href":"https:\/\/notiissa.mx\/index.php?rest_route=%2Fwp%2Fv2%2Fcomments&post=14048"}],"version-history":[{"count":1,"href":"https:\/\/notiissa.mx\/index.php?rest_route=\/wp\/v2\/posts\/14048\/revisions"}],"predecessor-version":[{"id":14050,"href":"https:\/\/notiissa.mx\/index.php?rest_route=\/wp\/v2\/posts\/14048\/revisions\/14050"}],"wp:featuredmedia":[{"embeddable":true,"href":"https:\/\/notiissa.mx\/index.php?rest_route=\/wp\/v2\/media\/14049"}],"wp:attachment":[{"href":"https:\/\/notiissa.mx\/index.php?rest_route=%2Fwp%2Fv2%2Fmedia&parent=14048"}],"wp:term":[{"taxonomy":"category","embeddable":true,"href":"https:\/\/notiissa.mx\/index.php?rest_route=%2Fwp%2Fv2%2Fcategories&post=14048"},{"taxonomy":"post_tag","embeddable":true,"href":"https:\/\/notiissa.mx\/index.php?rest_route=%2Fwp%2Fv2%2Ftags&post=14048"}],"curies":[{"name":"wp","href":"https:\/\/api.w.org\/{rel}","templated":true}]}}