{"id":14038,"date":"2016-08-05T15:54:07","date_gmt":"2016-08-05T15:54:07","guid":{"rendered":"http:\/\/notiissa.mx\/?p=14038"},"modified":"2016-08-05T15:54:07","modified_gmt":"2016-08-05T15:54:07","slug":"no-hay-que-tenerle-miedo-al-cambio-en-la-educacion-simon-villar","status":"publish","type":"post","link":"https:\/\/notiissa.mx\/?p=14038","title":{"rendered":"No hay que tenerle miedo al cambio en la educaci\u00f3n: Sim\u00f3n Villar"},"content":{"rendered":"<div id=\"yui_3_16_0_ym19_1_1470407989599_33486\" class=\"yiv4214306929ecxgmail_quote\">\n<div id=\"yui_3_16_0_ym19_1_1470407989599_33485\" dir=\"ltr\">\n<div id=\"yui_3_16_0_ym19_1_1470407989599_33522\"><\/div>\n<div id=\"yui_3_16_0_ym19_1_1470407989599_33521\">Atender\u00e1 Conafe a casi <b>800 mil<\/b> menores en educaci\u00f3n inicial y comunitaria.<\/div>\n<div>\n<hr \/>\n<\/div>\n<div id=\"yui_3_16_0_ym19_1_1470407989599_33484\"><\/div>\n<div id=\"yui_3_16_0_ym19_1_1470407989599_33509\">\u00b7 \u00a0 \u00a0 \u00a0<b id=\"yui_3_16_0_ym19_1_1470407989599_33508\">Son capacitados m\u00e1s de 30 mil j\u00f3venes como L\u00edderes Educativos Comunitarios.<\/b><\/div>\n<div>\n<hr \/>\n<\/div>\n<div id=\"yui_3_16_0_ym19_1_1470407989599_33572\"><b>\u00a0<\/b><\/div>\n<div id=\"yui_3_16_0_ym19_1_1470407989599_33571\"><b id=\"yui_3_16_0_ym19_1_1470407989599_33570\">\u00b7 \u00a0 \u00a0 \u00a0El modelo ABCD se enriquecera con el modelo educativo 2016.<\/b><\/div>\n<div>\n<hr \/>\n<\/div>\n<div id=\"yui_3_16_0_ym19_1_1470407989599_33531\"><b>\u00a0<\/b><\/div>\n<div id=\"yui_3_16_0_ym19_1_1470407989599_33511\"><b id=\"yui_3_16_0_ym19_1_1470407989599_33510\">\u00b7 \u00a0 \u00a0 \u00a0Entramos a Conafe por la beca nos quedamos por los ni\u00f1os: LECs.<\/b><\/div>\n<div>\n<hr \/>\n<\/div>\n<div id=\"yui_3_16_0_ym19_1_1470407989599_33564\"><b>\u00a0<\/b><\/div>\n<div id=\"yui_3_16_0_ym19_1_1470407989599_33520\"><\/div>\n<div id=\"yui_3_16_0_ym19_1_1470407989599_33532\">Cuautepec de Hinojosa, Hidalgo, 05 de agosto.- Portar el logotipo del Consejo Nacional de Fomento Educativo (Conafe) significa trabajar por los m\u00e1s pobres, llevarles educaci\u00f3n y poner todo empe\u00f1o para darles un servicio de calidad, eso se dar\u00e1 a los 318 mil 217 alumnos de educaci\u00f3n comunitaria en pre-primaria, primaria y secundaria, y los 747 mil 769 ni\u00f1as y ni\u00f1os que se atender\u00e1n en el ciclo escolar 2016-2017.<\/div>\n<div id=\"yui_3_16_0_ym19_1_1470407989599_33533\"><\/div>\n<div id=\"yui_3_16_0_ym19_1_1470407989599_33534\">As\u00ed lo afirm\u00f3 el director general del Conafe, Sim\u00f3n Villar Mart\u00ednez, durante una gira de trabajo por este municipio, en la que visit\u00f3 el Centro de Formaci\u00f3n Intesiva de L\u00edderes para la Educaci\u00f3n Comunitaria (LECs), \u00a0y a un grupo de alumnos integrados en el programa de Tutores Comunitarios de Verano.<\/div>\n<div id=\"yui_3_16_0_ym19_1_1470407989599_33535\"><\/div>\n<div id=\"yui_3_16_0_ym19_1_1470407989599_33565\">El Conafe, dijo, es la una instituci\u00f3n con humanidad, que se siente y avanza, \u00abaqu\u00ed pensamos en los ni\u00f1os, no es la beca es el cari\u00f1o y el amor lo que trae y compromete a miles de j\u00f3venes en Conafe\u00bb.<\/div>\n<div id=\"yui_3_16_0_ym19_1_1470407989599_33566\"><\/div>\n<div id=\"yui_3_16_0_ym19_1_1470407989599_33563\">El inter\u00e9s del Presidente de la Rep\u00fablica, Enrique Pe\u00f1a Nieto, es que todos los ni\u00f1os y ni\u00f1as del pa\u00eds aprendan m\u00e1s y mejor, por ello el titular de la Secretar\u00eda de Educaci\u00f3n P\u00fablica (SEP), Aurelio Nu\u00f1o Mayer, orden\u00f3 dar todo el apoyo para elevar el nivel de los servicios educativos en cada rinc\u00f3n del pa\u00eds, y el Conafe va por ese camino, agreg\u00f3 el funcionario.<\/div>\n<div id=\"yui_3_16_0_ym19_1_1470407989599_33536\"><\/div>\n<div id=\"yui_3_16_0_ym19_1_1470407989599_33537\">Villar Mart\u00ednez explic\u00f3 que la Reforma Educativa, impulsada por la administraci\u00f3n del Presidente de la Rep\u00fablica, tiene como uno de sus prop\u00f3sitos fundamentales, llevar a cabo una revisi\u00f3n exhaustiva de los diferentes modelos de educaci\u00f3n que actualmente tienen presencia en el territorio nacional.<\/div>\n<div id=\"yui_3_16_0_ym19_1_1470407989599_33538\"><\/div>\n<div id=\"yui_3_16_0_ym19_1_1470407989599_33562\">\u201cA\u00fan cuando la Reforma Educativa es muy clara en el sentido de fortalecer y revitalizar las directrices que orientan la oferta educativa en nuestro pa\u00eds, el Conafe sigue comprometido con su esencia y con los valores fundamentales que ha enarbolado a lo largo de casi 45 a\u00f1os\u201d, subray\u00f3 el director del Conafe.<\/div>\n<div id=\"yui_3_16_0_ym19_1_1470407989599_33577\"><\/div>\n<div id=\"yui_3_16_0_ym19_1_1470407989599_33539\">Adelant\u00f3 que se pedir\u00e1n recursos adicionales a la c\u00e1mara s e los diputados para aumentar el presupuesto de Conafe a fin de mejorar las condiciones de las escuelas de instituci\u00f3n en aspectos como instalaciones, mobiliario, conectividad y accesos para beneficio de los alumnos de Conafe y sus cominidades.<\/div>\n<div id=\"yui_3_16_0_ym19_1_1470407989599_33561\"><\/div>\n<div id=\"yui_3_16_0_ym19_1_1470407989599_33568\">Anuncio que recorrer\u00e1 todo el pa\u00eds para llevar el mensaje de Conafe a todos lados, \u00abel mensaje que dan los j\u00f3venes como ustedes de que si se puede, se puede mejorar y lo hay que tenerle miedo al cambio\u00bb.<\/div>\n<div id=\"yui_3_16_0_ym19_1_1470407989599_33569\"><\/div>\n<div id=\"yui_3_16_0_ym19_1_1470407989599_33560\">Durante el ciclo escolar que est\u00e1 por iniciar, el Consejo atender\u00e1 a 429 mil 552 menores de tres a\u00f1os de edad con el programa de Educaci\u00f3n Inicial, mientras est\u00e1n inscritos ya en las escuelas del Conafe 167 mil alumnos en pre primaria; 109 mil 965 en primaria, y 40 mil 854 en secundaria, que integran la matricula en Educaci\u00f3n Comunitaria.<\/div>\n<div id=\"yui_3_16_0_ym19_1_1470407989599_33578\"><\/div>\n<div id=\"yui_3_16_0_ym19_1_1470407989599_33579\">Por ellos, dijo el funcionario, \u201cquienes conformamos el cuerpo directivo del Conafe, en coordinaci\u00f3n con las autoridades municipales, estatales y federales, estamos impulsando una cuidadosa concertaci\u00f3n de acciones que tienen como fin eficientar la aplicaci\u00f3n de los recursos destinados a los diferentes programas y proyectos.<\/div>\n<div id=\"yui_3_16_0_ym19_1_1470407989599_33559\"><\/div>\n<div id=\"yui_3_16_0_ym19_1_1470407989599_33540\">Durante su encuentro con los nuevos LECs, Villar Mart\u00ednez se\u00f1al\u00f3 que en el pa\u00eds hay m\u00e1s de 30 mil j\u00f3venes que han decidido apoyar a sus comunidades para que reciban educaci\u00f3n de calidad, ellos son lo h\u00e9roes en esta tarea, lo reconoce el titular la SEP, reconoci\u00f3 su labor y public\u00f3 en sus redes sociales un agradecimiento a los LECs por su esfuerzo y compromiso con el pa\u00eds.<\/div>\n<div id=\"yui_3_16_0_ym19_1_1470407989599_33558\"><\/div>\n<div id=\"yui_3_16_0_ym19_1_1470407989599_33541\">Los j\u00f3venes que se integran al Conafe compartieron con el director general sus experiencias en las que el com\u00fan denominador fue su preocupaci\u00f3n por la educaci\u00f3n de los ni\u00f1os de M\u00e9xico, \u00bb entramos por la beca con quedamos por los ni\u00f1os\u00bb dijeron una y otra vez.<\/div>\n<div id=\"yui_3_16_0_ym19_1_1470407989599_33542\"><\/div>\n<div id=\"yui_3_16_0_ym19_1_1470407989599_33543\">En respuesta a compromiso de los j\u00f3venes, agreg\u00f3 el titular del Conafe, y para cumplir con la esencia de la Reforma Educativa de mejorar la calidad de la educaci\u00f3n en nuestro pa\u00eds, se est\u00e1 renovando el modelo pedag\u00f3gico y nuestra estrategia de formaci\u00f3n.<\/div>\n<div><\/div>\n<div id=\"yui_3_16_0_ym19_1_1470407989599_33557\">Villar Mart\u00ednez explic\u00f3 que el prop\u00f3sito principal del modelo Aprendizaje Basado en la Colaboraci\u00f3n y el Di\u00e1logo (ABCD) es que las figuras educativas desarrollen la competencia de aprender a aprender y tambi\u00e9n aprendan a convivir. Para ello, se han desarrollado materiales educativos que presentan desaf\u00edos, fomentan la reflexi\u00f3n, la lectura y la comprensi\u00f3n.<\/div>\n<div><\/div>\n<div id=\"yui_3_16_0_ym19_1_1470407989599_33544\">El funcionario entreg\u00f3 a los nuevos LECs su equipamiento personal para realizar la tarea educativa, pero, sobre todo, para identificarlos al portar f\u00edsicamente el logotipo del Conafe, dicho paquete contiene: una mochila conpanel solar; una gorra; dos playeras, y, adelant\u00f3 \u201cpronto de les entregar\u00e1n botas y una chamarra\u201d.<\/div>\n<div id=\"yui_3_16_0_ym19_1_1470407989599_33545\"><\/div>\n<div>Y asegur\u00f3 a los j\u00f3venes del Conafe \u00aben Sim\u00f3nVillar tienen un amigo, un compa\u00f1ero y un apoyo que los va a acompa\u00f1ar siempre\u00bb.<\/div>\n<div id=\"yui_3_16_0_ym19_1_1470407989599_33556\"><\/div>\n<div id=\"yui_3_16_0_ym19_1_1470407989599_33546\">Durante su gira de trabao el director general del Conafe tambi\u00e9n se reuni\u00f3n con la Asociaci\u00f3n Promotora de Educaci\u00f3n Comunitaria (APEC) que integran los padres de familia de alumnos del nivel b\u00e1sico, a quienes subray\u00f3 la importancia de sumarse al esfuerzo educativo, y reconoci\u00f3 el trabajo tanto los miembros de la APEC, como de los 431 mil 610 padres, madres y tutores que se suman al trabajo de educaci\u00f3n inicial en todo el pa\u00eds.<\/div>\n<\/div>\n<\/div>\n","protected":false},"excerpt":{"rendered":"<p>Atender\u00e1 Conafe a casi 800 mil menores en educaci\u00f3n inicial y comunitaria. \u00b7 \u00a0 \u00a0 \u00a0Son capacitados m\u00e1s de 30 mil j\u00f3venes como L\u00edderes Educativos Comunitarios. \u00a0 \u00b7 \u00a0 \u00a0 \u00a0El modelo ABCD se enriquecera con el modelo educativo 2016. \u00a0 \u00b7 \u00a0 \u00a0 \u00a0Entramos a Conafe por la beca nos quedamos por los ni\u00f1os: [&hellip;]<\/p>\n","protected":false},"author":1,"featured_media":14039,"comment_status":"open","ping_status":"open","sticky":false,"template":"","format":"standard","meta":{"rop_custom_images_group":[],"rop_custom_messages_group":[],"rop_publish_now":"initial","rop_publish_now_accounts":[],"rop_publish_now_history":[],"rop_publish_now_status":"pending","footnotes":""},"categories":[64],"tags":[],"class_list":["post-14038","post","type-post","status-publish","format-standard","has-post-thumbnail","hentry","category-educacion"],"_links":{"self":[{"href":"https:\/\/notiissa.mx\/index.php?rest_route=\/wp\/v2\/posts\/14038","targetHints":{"allow":["GET"]}}],"collection":[{"href":"https:\/\/notiissa.mx\/index.php?rest_route=\/wp\/v2\/posts"}],"about":[{"href":"https:\/\/notiissa.mx\/index.php?rest_route=\/wp\/v2\/types\/post"}],"author":[{"embeddable":true,"href":"https:\/\/notiissa.mx\/index.php?rest_route=\/wp\/v2\/users\/1"}],"replies":[{"embeddable":true,"href":"https:\/\/notiissa.mx\/index.php?rest_route=%2Fwp%2Fv2%2Fcomments&post=14038"}],"version-history":[{"count":1,"href":"https:\/\/notiissa.mx\/index.php?rest_route=\/wp\/v2\/posts\/14038\/revisions"}],"predecessor-version":[{"id":14040,"href":"https:\/\/notiissa.mx\/index.php?rest_route=\/wp\/v2\/posts\/14038\/revisions\/14040"}],"wp:featuredmedia":[{"embeddable":true,"href":"https:\/\/notiissa.mx\/index.php?rest_route=\/wp\/v2\/media\/14039"}],"wp:attachment":[{"href":"https:\/\/notiissa.mx\/index.php?rest_route=%2Fwp%2Fv2%2Fmedia&parent=14038"}],"wp:term":[{"taxonomy":"category","embeddable":true,"href":"https:\/\/notiissa.mx\/index.php?rest_route=%2Fwp%2Fv2%2Fcategories&post=14038"},{"taxonomy":"post_tag","embeddable":true,"href":"https:\/\/notiissa.mx\/index.php?rest_route=%2Fwp%2Fv2%2Ftags&post=14038"}],"curies":[{"name":"wp","href":"https:\/\/api.w.org\/{rel}","templated":true}]}}