{"id":14014,"date":"2016-08-04T20:58:26","date_gmt":"2016-08-04T20:58:26","guid":{"rendered":"http:\/\/notiissa.mx\/?p=14014"},"modified":"2016-08-04T20:59:33","modified_gmt":"2016-08-04T20:59:33","slug":"realiza-linnea-uach-primer-cortometraje-virtual-en-mexico","status":"publish","type":"post","link":"https:\/\/notiissa.mx\/?p=14014","title":{"rendered":"Realiza LINNEA-UACH primer cortometraje virtual en M\u00e9xico"},"content":{"rendered":"<p>Se est\u00e1 desarrollando el primer cortometraje creado con realidad virtual en M\u00e9xico y de esto nos habl\u00f3 Fernando Ledezma, del Laboratorio de Innovaci\u00f3n en Experiencias de Aprendizaje de la Universidad Aut\u00f3noma de Chihuahua, laboratorio que funciona en alianza con NatGeo.<\/p>\n<p>Durante el segmento de Conexi\u00f3n Futuro, de Radio Universidad, el responsable de LINNEA-UACH explic\u00f3 que este proyecto es desarrollado por Patricia Bugarini, con la ayuda de un equipo de creativos de Realidad Virtual y la asesor\u00eda de investigadores del MIT.<\/p>\n<p>El cortometraje se basa en el cuento ilustrado \u201cThe Boy and the Cloud\u201d (El ni\u00f1o y la nube), de la autor\u00eda de Patricia Bugarini, quien recibi\u00f3 el premio \u201cImages 36: Best of British Illustration\u201d, de la Asociaci\u00f3n de Ilustradores de Reino Unido (AOI) en el 2012.<\/p>\n<p>La historia \u201cEl ni\u00f1o y la nube\u201d est\u00e1 inspirada en la necesidad social de construir una conciencia ambiental, pues durante la historia el ni\u00f1o vive en un ambiente de sequ\u00eda y hace todo lo posible por conseguir agua de una nube, todo esto a trav\u00e9s de la ense\u00f1anza de valores. El cortometraje se est\u00e1 realizando con t\u00e9cnicas de cine mudo lo que se ve favorable para el alcance internacional del proyecto.<\/p>\n<p>\u00abPaty logro sintetizar en esta historia un mensaje de cuidar no solo el agua sino la naturaleza en todos sus \u00e1mbitos y expresiones\u00bb, mencion\u00f3 Fernando Ledezma.<\/p>\n<p>Con las ilustraciones y dise\u00f1os de Paty Bugarini, los j\u00f3venes del laboratorio de innovaci\u00f3n dan vida por medio de realidad virtual a los personajes de la historia.<\/p>\n<p>\u201cEste proyecto se ha ido enriqueciendo cuidando la esencia de la historia y las ilustraciones originales, adem\u00e1s de que se ha podido aprovechar la ventaja de interacci\u00f3n que la realidad virtual brinda. Pues con esta tecnolog\u00eda se estimulan los sentidos del usuario y lo hace pensar que de verdad se encuentra en el lugar de la historia\u201d detall\u00f3 Ledezma.<\/p>\n<p>Este cortometraje tendr\u00e1 una duraci\u00f3n de cinco minutos y se planea proyectar en marzo o mayo del a\u00f1o 2017, en ferias de tecnolog\u00eda y museos interactivos.<\/p>\n<p>Bugarini explica que el prop\u00f3sito de este proyecto es generar verdadera concientizaci\u00f3n y empat\u00eda, pues con el uso de esta tecnolog\u00eda de realidad virtual los usuarios podr\u00e1n vivir en el mundo de sequ\u00eda y acompa\u00f1ar\u00e1n al ni\u00f1o en su b\u00fasqueda del agua.<\/p>\n<p>El p\u00fablico objetivo para el que se est\u00e1 desarrollando este cortometraje es desde los 8 a\u00f1os hasta j\u00f3venes de 16 a\u00f1os. Sin embargo los niveles de reflexi\u00f3n que maneja y los lugares en donde se presentar\u00e1 el proyecto permiten que el p\u00fablico objetivo se extienda a adultos y especialistas en ciencia, tecnolog\u00eda y educaci\u00f3n.<\/p>\n<p>El equipo de producci\u00f3n tambi\u00e9n est\u00e1 trabajando en una versi\u00f3n m\u00e1s accesible de la historia para publicarla en Youtube y para que el mensaje tenga mayor alcance,\u00a0 aunque no vaya acompa\u00f1ado de toda la experiencia sensorial del proyecto original, que requiere visores especiales de realidad virtual.<\/p>\n<p>Finalmente Fernando Ledezma reconoce el trabajo del talento universitario del Laboratorio de Innovaci\u00f3n en Experiencias de Aprendizaje, a los estudiantes del Massachusetts Institute of Technology (MIT) involucrados y al m\u00fasico chihuahuense\u00a0 Chac\u00f3n que est\u00e1 a cargo de la sonorizaci\u00f3n del cortometraje.<\/p>\n<p>&nbsp;<\/p>\n","protected":false},"excerpt":{"rendered":"<p>Se est\u00e1 desarrollando el primer cortometraje creado con realidad virtual en M\u00e9xico y de esto nos habl\u00f3 Fernando Ledezma, del Laboratorio de Innovaci\u00f3n en Experiencias de Aprendizaje de la Universidad Aut\u00f3noma de Chihuahua, laboratorio que funciona en alianza con NatGeo. Durante el segmento de Conexi\u00f3n Futuro, de Radio Universidad, el responsable de LINNEA-UACH explic\u00f3 que [&hellip;]<\/p>\n","protected":false},"author":1,"featured_media":14015,"comment_status":"open","ping_status":"open","sticky":false,"template":"","format":"standard","meta":{"rop_custom_images_group":[],"rop_custom_messages_group":[],"rop_publish_now":"initial","rop_publish_now_accounts":[],"rop_publish_now_history":[],"rop_publish_now_status":"pending","footnotes":""},"categories":[68,64],"tags":[],"class_list":["post-14014","post","type-post","status-publish","format-standard","has-post-thumbnail","hentry","category-ciencia-tec","category-educacion"],"_links":{"self":[{"href":"https:\/\/notiissa.mx\/index.php?rest_route=\/wp\/v2\/posts\/14014","targetHints":{"allow":["GET"]}}],"collection":[{"href":"https:\/\/notiissa.mx\/index.php?rest_route=\/wp\/v2\/posts"}],"about":[{"href":"https:\/\/notiissa.mx\/index.php?rest_route=\/wp\/v2\/types\/post"}],"author":[{"embeddable":true,"href":"https:\/\/notiissa.mx\/index.php?rest_route=\/wp\/v2\/users\/1"}],"replies":[{"embeddable":true,"href":"https:\/\/notiissa.mx\/index.php?rest_route=%2Fwp%2Fv2%2Fcomments&post=14014"}],"version-history":[{"count":3,"href":"https:\/\/notiissa.mx\/index.php?rest_route=\/wp\/v2\/posts\/14014\/revisions"}],"predecessor-version":[{"id":14018,"href":"https:\/\/notiissa.mx\/index.php?rest_route=\/wp\/v2\/posts\/14014\/revisions\/14018"}],"wp:featuredmedia":[{"embeddable":true,"href":"https:\/\/notiissa.mx\/index.php?rest_route=\/wp\/v2\/media\/14015"}],"wp:attachment":[{"href":"https:\/\/notiissa.mx\/index.php?rest_route=%2Fwp%2Fv2%2Fmedia&parent=14014"}],"wp:term":[{"taxonomy":"category","embeddable":true,"href":"https:\/\/notiissa.mx\/index.php?rest_route=%2Fwp%2Fv2%2Fcategories&post=14014"},{"taxonomy":"post_tag","embeddable":true,"href":"https:\/\/notiissa.mx\/index.php?rest_route=%2Fwp%2Fv2%2Ftags&post=14014"}],"curies":[{"name":"wp","href":"https:\/\/api.w.org\/{rel}","templated":true}]}}