{"id":13994,"date":"2016-08-04T03:14:30","date_gmt":"2016-08-04T03:14:30","guid":{"rendered":"http:\/\/notiissa.mx\/?p=13994"},"modified":"2016-08-04T03:14:30","modified_gmt":"2016-08-04T03:14:30","slug":"reunion-del-consejo-de-directores-de-la-uach","status":"publish","type":"post","link":"https:\/\/notiissa.mx\/?p=13994","title":{"rendered":"Reuni\u00f3n del Consejo de Directores de la UACH"},"content":{"rendered":"<div id=\"yui_3_16_0_ym19_1_1470275582646_63812\">\n<div id=\"yui_3_16_0_ym19_1_1470275582646_63811\" class=\"yiv8696361884gmail_default\">\n<p id=\"yui_3_16_0_ym19_1_1470275582646_63813\" class=\"yiv8696361884MsoNormal\"><span id=\"yui_3_16_0_ym19_1_1470275582646_63814\" style=\"font-family: times new roman,serif;\">El Consejo de Directores de la Universidad Aut\u00f3noma de Chihuahua se reuni\u00f3 con el fin de revisar los planes de la instituci\u00f3n para el inicio del semestre agosto-diciembre del 2016.<\/span><\/p>\n<p id=\"yui_3_16_0_ym19_1_1470275582646_63818\" class=\"yiv8696361884MsoNormal\"><span id=\"yui_3_16_0_ym19_1_1470275582646_63817\" style=\"font-family: times new roman,serif;\">Dentro de las actividades pr\u00f3ximas se analiz\u00f3 el calendario del mes de agosto en el cual se contempla la convocatoria para elecciones, tanto de rector como de directores de las 15 unidades acad\u00e9micas, las cuales se deber\u00e1n de emitir con estricto apego a la normatividad y disposiciones de la Ley Org\u00e1nica.<\/span><\/p>\n<p id=\"yui_3_16_0_ym19_1_1470275582646_63825\" class=\"yiv8696361884MsoNormal\"><span id=\"yui_3_16_0_ym19_1_1470275582646_63824\" style=\"font-family: times new roman,serif;\">En el caso de la elecci\u00f3n a rector, la convocatoria se debe emitir durante la tercera semana de agosto y para las elecciones de directores de unidades acad\u00e9micas ser\u00e1 durante la segunda quincena del mismo mes, conforme a lo establecido en la normatividad universitaria vigente y con estricto respeto al principio de autonom\u00eda, mediante procesos abiertos y transparentes.<\/span><\/p>\n<\/div>\n<\/div>\n<div id=\"yui_3_16_0_ym19_1_1470275582646_63826\"><\/div>\n<div id=\"yui_3_16_0_ym19_1_1470275582646_63827\"><\/div>\n","protected":false},"excerpt":{"rendered":"<p>El Consejo de Directores de la Universidad Aut\u00f3noma de Chihuahua se reuni\u00f3 con el fin de revisar los planes de la instituci\u00f3n para el inicio del semestre agosto-diciembre del 2016. Dentro de las actividades pr\u00f3ximas se analiz\u00f3 el calendario del mes de agosto en el cual se contempla la convocatoria para elecciones, tanto de rector [&hellip;]<\/p>\n","protected":false},"author":1,"featured_media":13995,"comment_status":"open","ping_status":"open","sticky":false,"template":"","format":"standard","meta":{"rop_custom_images_group":[],"rop_custom_messages_group":[],"rop_publish_now":"initial","rop_publish_now_accounts":[],"rop_publish_now_history":[],"rop_publish_now_status":"pending","footnotes":""},"categories":[64],"tags":[],"class_list":["post-13994","post","type-post","status-publish","format-standard","has-post-thumbnail","hentry","category-educacion"],"_links":{"self":[{"href":"https:\/\/notiissa.mx\/index.php?rest_route=\/wp\/v2\/posts\/13994","targetHints":{"allow":["GET"]}}],"collection":[{"href":"https:\/\/notiissa.mx\/index.php?rest_route=\/wp\/v2\/posts"}],"about":[{"href":"https:\/\/notiissa.mx\/index.php?rest_route=\/wp\/v2\/types\/post"}],"author":[{"embeddable":true,"href":"https:\/\/notiissa.mx\/index.php?rest_route=\/wp\/v2\/users\/1"}],"replies":[{"embeddable":true,"href":"https:\/\/notiissa.mx\/index.php?rest_route=%2Fwp%2Fv2%2Fcomments&post=13994"}],"version-history":[{"count":1,"href":"https:\/\/notiissa.mx\/index.php?rest_route=\/wp\/v2\/posts\/13994\/revisions"}],"predecessor-version":[{"id":13996,"href":"https:\/\/notiissa.mx\/index.php?rest_route=\/wp\/v2\/posts\/13994\/revisions\/13996"}],"wp:featuredmedia":[{"embeddable":true,"href":"https:\/\/notiissa.mx\/index.php?rest_route=\/wp\/v2\/media\/13995"}],"wp:attachment":[{"href":"https:\/\/notiissa.mx\/index.php?rest_route=%2Fwp%2Fv2%2Fmedia&parent=13994"}],"wp:term":[{"taxonomy":"category","embeddable":true,"href":"https:\/\/notiissa.mx\/index.php?rest_route=%2Fwp%2Fv2%2Fcategories&post=13994"},{"taxonomy":"post_tag","embeddable":true,"href":"https:\/\/notiissa.mx\/index.php?rest_route=%2Fwp%2Fv2%2Ftags&post=13994"}],"curies":[{"name":"wp","href":"https:\/\/api.w.org\/{rel}","templated":true}]}}