{"id":13973,"date":"2016-08-03T02:52:11","date_gmt":"2016-08-03T02:52:11","guid":{"rendered":"http:\/\/notiissa.mx\/?p=13973"},"modified":"2016-08-03T02:52:11","modified_gmt":"2016-08-03T02:52:11","slug":"estudiantes-de-bachillerato-podran-solicitar-una-beca-durante-periodo-vacacional","status":"publish","type":"post","link":"https:\/\/notiissa.mx\/?p=13973","title":{"rendered":"Estudiantes de bachillerato podr\u00e1n solicitar una beca durante periodo vacacional"},"content":{"rendered":"<ul>\n<li><strong>La fecha l\u00edmite para hacerlo es el 7 de agosto.<\/strong><\/li>\n<\/ul>\n<p>El Programa de Becas de Educaci\u00f3n Media Superior informa que este a\u00f1o el periodo de registro para solicitar una beca de este nivel de educativo ser\u00e1 los meses de julio y agosto, con el prop\u00f3sito de que los estudiantes reciban los apoyos de manera oportuna. Ahora, los alumnos podr\u00e1n registrarse durante el periodo vacacional, teniendo como fecha l\u00edmite el d\u00eda 07 de agosto de 2016.<\/p>\n<p>Los alumnos pueden consultar y descargar en el portal www.becasmediasuperior.sep.gob.mx las bases espec\u00edficas de cada una de las siguientes modalidades:<\/p>\n<ul>\n<li>Beca para estudiantes con alguna discapacidad,<\/li>\n<li>Becas para estudiantes con alguna discapacidad que realizan cursos de capacitaci\u00f3n en aulas POETA,<\/li>\n<li>Beca de reinserci\u00f3n,<\/li>\n<li>Beca de excelencia,<\/li>\n<li>Becas para la continuaci\u00f3n de estudios,<\/li>\n<li>Becas de transporte,<\/li>\n<li>Becas para que hijos de militares de las Fuerzas Armadas de M\u00e9xico y de Polic\u00edas Federales contin\u00faen sus estudios.<\/li>\n<\/ul>\n<p>El proceso de registro incluye a las y los estudiantes que est\u00e1n por incorporarse a un plantel p\u00fablico de educaci\u00f3n media superior, aunque a\u00fan no hayan definido en cu\u00e1l estudiar\u00e1n.\u00a0 Estos estudiantes tendr\u00e1n la oportunidad de actualizar los datos de su solicitud de beca entre el 16 y 27 de agosto.<\/p>\n<p>Para m\u00e1s informaci\u00f3n los interesados pueden visitar el portal del Programa de Becas de Educaci\u00f3n Media Superior www.becasmediasuperior.sep.gob.mx, o comunicarse a los tel\u00e9fonos: 01 800 11 28 893 (Lada sin costo) y en la Ciudad de M\u00e9xico (55) 3601 1000, Extensiones: 60539, 60540, 60541, 60548, 60615 y\/o al correo electr\u00f3nico: becasmediasuperior@sep.gob.mx.<\/p>\n","protected":false},"excerpt":{"rendered":"<p>La fecha l\u00edmite para hacerlo es el 7 de agosto. El Programa de Becas de Educaci\u00f3n Media Superior informa que este a\u00f1o el periodo de registro para solicitar una beca de este nivel de educativo ser\u00e1 los meses de julio y agosto, con el prop\u00f3sito de que los estudiantes reciban los apoyos de manera oportuna. [&hellip;]<\/p>\n","protected":false},"author":1,"featured_media":13974,"comment_status":"open","ping_status":"open","sticky":false,"template":"","format":"standard","meta":{"rop_custom_images_group":[],"rop_custom_messages_group":[],"rop_publish_now":"initial","rop_publish_now_accounts":[],"rop_publish_now_history":[],"rop_publish_now_status":"pending","footnotes":""},"categories":[64],"tags":[],"class_list":["post-13973","post","type-post","status-publish","format-standard","has-post-thumbnail","hentry","category-educacion"],"_links":{"self":[{"href":"https:\/\/notiissa.mx\/index.php?rest_route=\/wp\/v2\/posts\/13973","targetHints":{"allow":["GET"]}}],"collection":[{"href":"https:\/\/notiissa.mx\/index.php?rest_route=\/wp\/v2\/posts"}],"about":[{"href":"https:\/\/notiissa.mx\/index.php?rest_route=\/wp\/v2\/types\/post"}],"author":[{"embeddable":true,"href":"https:\/\/notiissa.mx\/index.php?rest_route=\/wp\/v2\/users\/1"}],"replies":[{"embeddable":true,"href":"https:\/\/notiissa.mx\/index.php?rest_route=%2Fwp%2Fv2%2Fcomments&post=13973"}],"version-history":[{"count":1,"href":"https:\/\/notiissa.mx\/index.php?rest_route=\/wp\/v2\/posts\/13973\/revisions"}],"predecessor-version":[{"id":13975,"href":"https:\/\/notiissa.mx\/index.php?rest_route=\/wp\/v2\/posts\/13973\/revisions\/13975"}],"wp:featuredmedia":[{"embeddable":true,"href":"https:\/\/notiissa.mx\/index.php?rest_route=\/wp\/v2\/media\/13974"}],"wp:attachment":[{"href":"https:\/\/notiissa.mx\/index.php?rest_route=%2Fwp%2Fv2%2Fmedia&parent=13973"}],"wp:term":[{"taxonomy":"category","embeddable":true,"href":"https:\/\/notiissa.mx\/index.php?rest_route=%2Fwp%2Fv2%2Fcategories&post=13973"},{"taxonomy":"post_tag","embeddable":true,"href":"https:\/\/notiissa.mx\/index.php?rest_route=%2Fwp%2Fv2%2Ftags&post=13973"}],"curies":[{"name":"wp","href":"https:\/\/api.w.org\/{rel}","templated":true}]}}