{"id":13453,"date":"2016-07-07T03:00:05","date_gmt":"2016-07-07T03:00:05","guid":{"rendered":"http:\/\/notiissa.mx\/?p=13453"},"modified":"2016-07-07T03:00:05","modified_gmt":"2016-07-07T03:00:05","slug":"la-caida-de-la-clase-media-de-eu-puede-empobrecer-a-millones-en-america-latina","status":"publish","type":"post","link":"https:\/\/notiissa.mx\/?p=13453","title":{"rendered":"La ca\u00edda de la clase media de EU. puede empobrecer a millones en Am\u00e9rica Latina"},"content":{"rendered":"<p>Si el proteccionismo, la bajada de la demanda y los cambios de condiciones en el comercio bilateral se imponen en EE.UU. el resto del continente sufrir\u00e1 las consecuencias.<\/p>\n<p>A medida que el libre comercio comienza a ser mirado con desconfianza por amplios sectores de EE.UU. y sus dirigentes se proponen revisar -o hasta eliminar- los tratados de ese \u00e1mbito, las econom\u00edas de Am\u00e9rica Latina ya comienzan a preocuparse por las consecuencias de semejantes decisiones.<\/p>\n<p>\u00bfPor qu\u00e9 deber\u00eda haber una repercusi\u00f3n directa? Porque sus exportaciones dependen de la situaci\u00f3n financiera de las industrias estadounidenses. Por eso, a medida que el intercambio se pone bajo la lupa, las expectativas de crecimiento econ\u00f3mico en Am\u00e9rica Latina se vuelven cada vez m\u00e1s negativas.<\/p>\n<p>Un ejemplo de las ventajas de los\u00a0acuerdos de libre comercio es la industria automotriz en M\u00e9xico, donde, desde el 2010, se crearon 100.000 empleos, con su consiguiente fortalecimiento de la clase media, public\u00f3 la <a href=\"http:\/\/www.bbc.com\/mundo\/noticias-36691218\" target=\"_blank\">BBC<\/a>. El dinero que solvent\u00f3 ese crecimiento proven\u00eda, principalmente, de EE.UU.<\/p>\n<p>No obstante, las perspectivas marcan que las cosas podr\u00edan cambiar. Para el precandidato presidencial republicano, <a href=\"https:\/\/actualidad.rt.com\/actualidad\/167392-sepa-mas-donald-trump\" target=\"_blank\">Donald Trump<\/a>, el Tratado de Libre Comercio con M\u00e9xico y Canad\u00e1 es \u00abel peor de la historia\u00bb, por lo que podr\u00eda <a href=\"https:\/\/actualidad.rt.com\/ultima_hora\/186989-trump-afirma-rompera-tlcan-desastre\" target=\"_blank\">darlo por finalizado<\/a>. Este tipo de consigna arrastra a la clase media de su pa\u00eds, que cay\u00f3 del 61% al 50% en los \u00faltimos 65 a\u00f1os y podr\u00eda beneficiarse con el impulso a la industria local. Es decir, el deterioro de los trabajadores estadounidenses deriva en un debilitamiento del respaldo pol\u00edtico al sistema de libre comercio, algo que tambi\u00e9n mencion\u00f3 la dem\u00f3crata <a href=\"https:\/\/actualidad.rt.com\/actualidad\/171877-hillary-clinton-estados-unidos\" target=\"_blank\">Hillary Clinton<\/a>.<\/p>\n<p>Por lo tanto, una renegociaci\u00f3n de las condiciones comerciales no podr\u00eda tener otro resultado que una ca\u00edda\u00a0de la econom\u00eda latinoamericana y de su clase media.<\/p>\n<h3><strong>N\u00fameros a la baja<\/strong><\/h3>\n<p>En este marco, las variables econ\u00f3micas de la regi\u00f3n no son las mejores, por lo que la Comisi\u00f3n Econ\u00f3mica para Am\u00e9rica Latina y el Caribe\u00a0(Cepal) <a href=\"http:\/\/www.elcolombiano.com\/negocios\/america-latina-crecimiento-economico-2016-segun-cepal-YL3937100\" target=\"_blank\">revis\u00f3 las proyecciones<\/a>\u00a0para este a\u00f1o con una tendencia a la baja. A nivel general, los 33 pa\u00edses analizados pasaron de una perspectiva de crecimiento del 0,2% en enero a una contracci\u00f3n del 0,6% en abril.<\/p>\n<p>En el caso particular de M\u00e9xico, la perspectiva se contrajo del 2,6% al 2,3%; Chile redujo\u00a0sus previsiones del 2,1% al 1,6%, mientras que Argentina pas\u00f3 del 0,8% al -0,8%.<\/p>\n<p>Entre los motivos que explican esta ca\u00edda, seg\u00fan la Cepal, est\u00e1n \u00abel bajo crecimiento de los pa\u00edses desarrollados, una importante desaceleraci\u00f3n en econom\u00edas emergentes, en particular la de China, la creciente volatilidad y costos en los mercados financieros, y los bajos precios de las materias primas, en particular hidrocarburos y minerales\u00bb.<\/p>\n<p>Por \u00faltimo, el organismo discrimina por regi\u00f3n y detall\u00f3 que \u00ablas econom\u00edas de Am\u00e9rica del Sur, especializadas en la producci\u00f3n de bienes primarios, en especial petr\u00f3leo y minerales, y con creciente grado de integraci\u00f3n comercial con China, registrar\u00e1n una contracci\u00f3n del 1,9%\u00bb, mientras que las centroamericanas tendr\u00e1n una tasa de crecimiento del 3,9%, un 0,4% menos que la del 2015.<\/p>\n<p>Fuente: Rt<\/p>\n","protected":false},"excerpt":{"rendered":"<p>Si el proteccionismo, la bajada de la demanda y los cambios de condiciones en el comercio bilateral se imponen en EE.UU. el resto del continente sufrir\u00e1 las consecuencias. A medida que el libre comercio comienza a ser mirado con desconfianza por amplios sectores de EE.UU. y sus dirigentes se proponen revisar -o hasta eliminar- los [&hellip;]<\/p>\n","protected":false},"author":1,"featured_media":13454,"comment_status":"open","ping_status":"open","sticky":false,"template":"","format":"standard","meta":{"rop_custom_images_group":[],"rop_custom_messages_group":[],"rop_publish_now":"initial","rop_publish_now_accounts":[],"rop_publish_now_history":[],"rop_publish_now_status":"pending","footnotes":""},"categories":[61],"tags":[],"class_list":["post-13453","post","type-post","status-publish","format-standard","has-post-thumbnail","hentry","category-economia"],"_links":{"self":[{"href":"https:\/\/notiissa.mx\/index.php?rest_route=\/wp\/v2\/posts\/13453","targetHints":{"allow":["GET"]}}],"collection":[{"href":"https:\/\/notiissa.mx\/index.php?rest_route=\/wp\/v2\/posts"}],"about":[{"href":"https:\/\/notiissa.mx\/index.php?rest_route=\/wp\/v2\/types\/post"}],"author":[{"embeddable":true,"href":"https:\/\/notiissa.mx\/index.php?rest_route=\/wp\/v2\/users\/1"}],"replies":[{"embeddable":true,"href":"https:\/\/notiissa.mx\/index.php?rest_route=%2Fwp%2Fv2%2Fcomments&post=13453"}],"version-history":[{"count":1,"href":"https:\/\/notiissa.mx\/index.php?rest_route=\/wp\/v2\/posts\/13453\/revisions"}],"predecessor-version":[{"id":13455,"href":"https:\/\/notiissa.mx\/index.php?rest_route=\/wp\/v2\/posts\/13453\/revisions\/13455"}],"wp:featuredmedia":[{"embeddable":true,"href":"https:\/\/notiissa.mx\/index.php?rest_route=\/wp\/v2\/media\/13454"}],"wp:attachment":[{"href":"https:\/\/notiissa.mx\/index.php?rest_route=%2Fwp%2Fv2%2Fmedia&parent=13453"}],"wp:term":[{"taxonomy":"category","embeddable":true,"href":"https:\/\/notiissa.mx\/index.php?rest_route=%2Fwp%2Fv2%2Fcategories&post=13453"},{"taxonomy":"post_tag","embeddable":true,"href":"https:\/\/notiissa.mx\/index.php?rest_route=%2Fwp%2Fv2%2Ftags&post=13453"}],"curies":[{"name":"wp","href":"https:\/\/api.w.org\/{rel}","templated":true}]}}