{"id":1315,"date":"2015-04-14T02:59:39","date_gmt":"2015-04-14T02:59:39","guid":{"rendered":"http:\/\/notiissa.mx\/?p=1315"},"modified":"2015-04-14T02:59:39","modified_gmt":"2015-04-14T02:59:39","slug":"galeano-queria-mas-justicia-social-para-latinoamerica-ob","status":"publish","type":"post","link":"https:\/\/notiissa.mx\/?p=1315","title":{"rendered":"\u00abGaleano quer\u00eda m\u00e1s justicia social para Latinoam\u00e9rica\u00bb OB"},"content":{"rendered":"<p style=\"text-align: justify;\">El fallecido escritor uruguayo Eduardo Galeano escrib\u00eda para el pueblo en un idioma que entend\u00edan todos, seg\u00fan relat\u00f3 su amigo, el historiador y periodista Osvaldo Bayer.<\/p>\n<p style=\"text-align: justify;\">\u00abMuri\u00f3 el mejor de todos. Ten\u00eda tantas cualidades este hombre. Sab\u00eda expresarse tan bien. Expresaba lo m\u00e1s dif\u00edcil en un idioma llano que entend\u00edan todos\u00bb, dijo Bayer a RT.<\/p>\n<p style=\"text-align: justify;\">Describi\u00f3 la obra m\u00e1s famosa de Galeano -&#8216;Las venas abiertas de Am\u00e9rica Latina&#8217;- como \u00abla biblia latinoamericana que la entienden absolutamente todos\u00bb y que \u00abdice las cosas m\u00e1s profundas\u00bb.<\/p>\n<p style=\"text-align: justify;\">\u00abEse era Galeano, un hombre del pueblo, un hombre que escrib\u00eda para el pueblo y que quer\u00eda m\u00e1s justicia social, un sistema muy diferente para Latinoam\u00e9rica\u00bb, se\u00f1al\u00f3 el periodista.<\/p>\n<p style=\"text-align: justify;\">Los mandatarios latinoamericanos lamentaron el fallecimiento de Galeano este lunes, expresando sus condolencias a trav\u00e9s de Twitter.<\/p>\n<p style=\"text-align: justify;\">El l\u00edder de Ecuador, Rafael Correa, recurri\u00f3 al t\u00edtulo de su novela diciendo que \u00ablas venas de Am\u00e9rica Latina est\u00e1n abiertas por la muerte de Galeano\u00bb.<\/p>\n<p style=\"text-align: justify;\">A su vez, el presidente de Bolivia, Evo Morales, se\u00f1al\u00f3 que el escritor fue un maestro de la descolonizaci\u00f3n y liberaci\u00f3n y que le duele much\u00edsimo su muerte.<\/p>\n<p style=\"text-align: justify;\">La presidenta brasile\u00f1a, Dilma Rousseff, tambi\u00e9n se ha sumado al p\u00e9same un\u00e1nime y ha destacado que se trata de un d\u00eda triste para todos los latinoamericanos.<\/p>\n<p style=\"text-align: justify;\">Este martes Uruguay velar\u00e1 el cuerpo de Eduardo Galeano en el Parlamento.<br \/>\nFuente: Rt<\/p>\n","protected":false},"excerpt":{"rendered":"<p>El fallecido escritor uruguayo Eduardo Galeano escrib\u00eda para el pueblo en un idioma que entend\u00edan todos, seg\u00fan relat\u00f3 su amigo, el historiador y periodista Osvaldo Bayer. \u00abMuri\u00f3 el mejor de todos. Ten\u00eda tantas cualidades este hombre. Sab\u00eda expresarse tan bien. Expresaba lo m\u00e1s dif\u00edcil en un idioma llano que entend\u00edan todos\u00bb, dijo Bayer a RT. [&hellip;]<\/p>\n","protected":false},"author":1,"featured_media":1317,"comment_status":"open","ping_status":"open","sticky":false,"template":"","format":"standard","meta":{"rop_custom_images_group":[],"rop_custom_messages_group":[],"rop_publish_now":"initial","rop_publish_now_accounts":[],"rop_publish_now_history":[],"rop_publish_now_status":"pending","footnotes":""},"categories":[74],"tags":[],"class_list":["post-1315","post","type-post","status-publish","format-standard","has-post-thumbnail","hentry","category-literatura"],"_links":{"self":[{"href":"https:\/\/notiissa.mx\/index.php?rest_route=\/wp\/v2\/posts\/1315","targetHints":{"allow":["GET"]}}],"collection":[{"href":"https:\/\/notiissa.mx\/index.php?rest_route=\/wp\/v2\/posts"}],"about":[{"href":"https:\/\/notiissa.mx\/index.php?rest_route=\/wp\/v2\/types\/post"}],"author":[{"embeddable":true,"href":"https:\/\/notiissa.mx\/index.php?rest_route=\/wp\/v2\/users\/1"}],"replies":[{"embeddable":true,"href":"https:\/\/notiissa.mx\/index.php?rest_route=%2Fwp%2Fv2%2Fcomments&post=1315"}],"version-history":[{"count":1,"href":"https:\/\/notiissa.mx\/index.php?rest_route=\/wp\/v2\/posts\/1315\/revisions"}],"predecessor-version":[{"id":1318,"href":"https:\/\/notiissa.mx\/index.php?rest_route=\/wp\/v2\/posts\/1315\/revisions\/1318"}],"wp:featuredmedia":[{"embeddable":true,"href":"https:\/\/notiissa.mx\/index.php?rest_route=\/wp\/v2\/media\/1317"}],"wp:attachment":[{"href":"https:\/\/notiissa.mx\/index.php?rest_route=%2Fwp%2Fv2%2Fmedia&parent=1315"}],"wp:term":[{"taxonomy":"category","embeddable":true,"href":"https:\/\/notiissa.mx\/index.php?rest_route=%2Fwp%2Fv2%2Fcategories&post=1315"},{"taxonomy":"post_tag","embeddable":true,"href":"https:\/\/notiissa.mx\/index.php?rest_route=%2Fwp%2Fv2%2Ftags&post=1315"}],"curies":[{"name":"wp","href":"https:\/\/api.w.org\/{rel}","templated":true}]}}