{"id":1305,"date":"2015-04-13T01:02:25","date_gmt":"2015-04-13T01:02:25","guid":{"rendered":"http:\/\/notiissa.mx\/?p=1305"},"modified":"2015-04-13T01:02:25","modified_gmt":"2015-04-13T01:02:25","slug":"mascarillas-de-aloe-vera-para-el-cuello","status":"publish","type":"post","link":"https:\/\/notiissa.mx\/?p=1305","title":{"rendered":"Mascarillas de aloe vera para el cuello"},"content":{"rendered":"<p style=\"text-align: justify;\">Un cl\u00e1sico reafirmante que nunca falla<br \/>\nInnatia.-El aloe vera, tambi\u00e9n conocido como s\u00e1bila, es una de las mejores herramientas naturales que tenemos a disposici\u00f3n para mejorar el estado de la piel. Puedes emplearla en mascarillas reafirmantes para una zona cr\u00edtica: el cuello. Descubre formas de tratar el cuello con aloe vera en este art\u00edculo.<br \/>\nS\u00e1bila<br \/>\nLa s\u00e1bila o aloe vera, va muy bien contra los problemas del cuello<br \/>\nzona muy proclive a decaer con el paso del tiempo. Por eso mismo, no deber\u00edas dejar de probar estas dos mascarillas reafirmantes de aloe vera<br \/>\nMascarilla de aloe vera, huevo y miel<br \/>\n<strong>Ingredientes<\/strong><br \/>\nDos tallos de aloe vera<br \/>\nUna cucharada de miel<br \/>\nUna clara de huevo<br \/>\nAlgunas hojas de or\u00e9gano fresco<br \/>\n<strong>Preparaci\u00f3n<\/strong><br \/>\nRet\u00edrale la piel y las espinas a los tallos de aloe vera y qu\u00e9date \u00fanicamente con la pulpa. Col\u00f3cala en el vaso de una batidora, y luego a\u00f1ade algunas hojas de or\u00e9gano fresco, una cucharada de miel y tambi\u00e9n la clara de huevo. Bate hasta que los elementos se integren entre s\u00ed, pero sin necesidad de que la clara torne demasiado espumosa la preparaci\u00f3n.<br \/>\nToca el momento de la aplicaci\u00f3n: distribuye bien la mascarilla por todo el cuello, y d\u00e9jala actuar durante 15, 20 minutos antes de lavar, siempre con agua bien fr\u00eda. Repite la operaci\u00f3n un par de veces a la semana.<\/p>\n","protected":false},"excerpt":{"rendered":"<p>Un cl\u00e1sico reafirmante que nunca falla Innatia.-El aloe vera, tambi\u00e9n conocido como s\u00e1bila, es una de las mejores herramientas naturales que tenemos a disposici\u00f3n para mejorar el estado de la piel. Puedes emplearla en mascarillas reafirmantes para una zona cr\u00edtica: el cuello. Descubre formas de tratar el cuello con aloe vera en este art\u00edculo. S\u00e1bila [&hellip;]<\/p>\n","protected":false},"author":1,"featured_media":1306,"comment_status":"open","ping_status":"open","sticky":false,"template":"","format":"standard","meta":{"rop_custom_images_group":[],"rop_custom_messages_group":[],"rop_publish_now":"initial","rop_publish_now_accounts":[],"rop_publish_now_history":[],"rop_publish_now_status":"pending","footnotes":""},"categories":[66],"tags":[],"class_list":["post-1305","post","type-post","status-publish","format-standard","has-post-thumbnail","hentry","category-estilo-de-vida"],"_links":{"self":[{"href":"https:\/\/notiissa.mx\/index.php?rest_route=\/wp\/v2\/posts\/1305","targetHints":{"allow":["GET"]}}],"collection":[{"href":"https:\/\/notiissa.mx\/index.php?rest_route=\/wp\/v2\/posts"}],"about":[{"href":"https:\/\/notiissa.mx\/index.php?rest_route=\/wp\/v2\/types\/post"}],"author":[{"embeddable":true,"href":"https:\/\/notiissa.mx\/index.php?rest_route=\/wp\/v2\/users\/1"}],"replies":[{"embeddable":true,"href":"https:\/\/notiissa.mx\/index.php?rest_route=%2Fwp%2Fv2%2Fcomments&post=1305"}],"version-history":[{"count":1,"href":"https:\/\/notiissa.mx\/index.php?rest_route=\/wp\/v2\/posts\/1305\/revisions"}],"predecessor-version":[{"id":1307,"href":"https:\/\/notiissa.mx\/index.php?rest_route=\/wp\/v2\/posts\/1305\/revisions\/1307"}],"wp:featuredmedia":[{"embeddable":true,"href":"https:\/\/notiissa.mx\/index.php?rest_route=\/wp\/v2\/media\/1306"}],"wp:attachment":[{"href":"https:\/\/notiissa.mx\/index.php?rest_route=%2Fwp%2Fv2%2Fmedia&parent=1305"}],"wp:term":[{"taxonomy":"category","embeddable":true,"href":"https:\/\/notiissa.mx\/index.php?rest_route=%2Fwp%2Fv2%2Fcategories&post=1305"},{"taxonomy":"post_tag","embeddable":true,"href":"https:\/\/notiissa.mx\/index.php?rest_route=%2Fwp%2Fv2%2Ftags&post=1305"}],"curies":[{"name":"wp","href":"https:\/\/api.w.org\/{rel}","templated":true}]}}