{"id":12971,"date":"2016-06-18T02:47:17","date_gmt":"2016-06-18T02:47:17","guid":{"rendered":"http:\/\/notiissa.mx\/?p=12971"},"modified":"2016-06-18T02:47:17","modified_gmt":"2016-06-18T02:47:17","slug":"que-impide-el-desarrollo-tecnologico-de-america-latina","status":"publish","type":"post","link":"https:\/\/notiissa.mx\/?p=12971","title":{"rendered":"\u00bfQu\u00e9 impide el desarrollo tecnol\u00f3gico de Am\u00e9rica Latina?"},"content":{"rendered":"<p>Durante el Foro Econ\u00f3mico Mundial realizado en Medell\u00edn se debati\u00f3, entre otros temas, sobre el potencial tecnol\u00f3gico de Am\u00e9rica Latina.<\/p>\n<p>El secretario de Econom\u00eda de M\u00e9xico, Ildefonso Guajardo Villarreal, declar\u00f3 que la regi\u00f3n puede \u00ababrazar y aprovechar al m\u00e1ximo la era digital\u00bb. El funcionario mexicano particip\u00f3 del Foro Econ\u00f3mico Mundial para Am\u00e9rica Latina realizado en Medell\u00edn (Colombia). As\u00ed se hizo presente en los distintos paneles que trataron sobre la innovaci\u00f3n y el desarrollo de nuevas tecnolog\u00edas.<\/p>\n<p>Seg\u00fan sus propias\u00a0<a href=\"http:\/\/yucatan.com.mx\/mexico\/politica-mexico\/america-latina-puede-abrazar-la-nueva-digital-guajardo-villarreal\" target=\"_blank\">declaraciones<\/a>, el objetivo es \u00abcapturar la revoluci\u00f3n industrial de 4.0\u00bb y\u00a0 ver c\u00f3mo \u00abse utilizan a favor de la nueva din\u00e1mica de eficiencia en la econom\u00eda\u00bb. En este aspecto destac\u00f3 que \u00abLatinoam\u00e9rica puede abrazar estas nuevas tendencias en las tecnolog\u00edas de la informaci\u00f3n\u00bb.<\/p>\n<p>Desde hace a\u00f1os,\u00a0M\u00e9xico fomenta las inversiones en esta materia en la ciudad de Guadalajara, que pretenden sea la versi\u00f3n local de <a href=\"https:\/\/actualidad.rt.com\/actualidad\/207593--ciudad-llamada-silicon-valley\" target=\"_blank\">Sillicon Valley<\/a>. All\u00ed, multinacionales como IBM, Oracle, Intel, HP, Dell y Gameloft tienen oficinas y se encuentran establecidas 12 universidades, incluido el prestigioso Tecnol\u00f3gico de Monterrey, del que surgen 85.000 graduados al a\u00f1o.<\/p>\n<p>Belsasar Lepe, extrabajador de Google y fundador de la empresa Ooyola, con sede en Guadalajara, explic\u00f3 a la revista <a href=\"http:\/\/www.forbes.com.mx\/el-silicon-valley-mexicano-se-gesta-en-guadalajara\/#gs.KUKwg5g\" target=\"_blank\">&#8216;Forbes&#8217;<\/a> que en la ciudad \u00abtanto las universidades como los negocios est\u00e1n enfocados en hacer avanzar el entorno tecnol\u00f3gico; en Silicon Valley el crecimiento fue muy org\u00e1nico y tard\u00f3 mucho tiempo en darse, pero ac\u00e1 el apoyo ha permitido que el desarrollo sea m\u00e1s r\u00e1pido\u00bb.<\/p>\n<h3><strong>Am\u00e9rica Latina entre el desarrollo y la brecha digital<\/strong><\/h3>\n<p>El secretario general de la Asociaci\u00f3n Iberoamericana de Centros de Investigaci\u00f3n y Empresas de Telecomunicaciones,\u00a0Pablo Bello Arellano,\u00a0<a href=\"http:\/\/www.elespectador.com\/tecnologia\/latinoamerica-ha-tenido-gran-salto-desarrollo-tecnologi-articulo-558688\" target=\"_blank\">explic\u00f3<\/a> el a\u00f1o pasado en el panel &#8216;Iberoam\u00e9rica en la era digital&#8217; que tuvo lugar dentro del foro &#8216;Latinoam\u00e9rica Global&#8217; que, en la regi\u00f3n, se ha dado un \u00absalto cuantitativo y cualitativo en democratizaci\u00f3n del acceso a la tecnolog\u00eda\u00bb.<\/p>\n<p>No obstante, marc\u00f3 el desaf\u00edo y la necesidad de hacer \u00abun esfuerzo\u00bb para eliminar la brecha digital porque \u00abuno de cada dos latinoamericanos no usa Internet y dos de cada tres no tiene Internet en su casa\u00bb. Por esto, Arellano\u00a0se\u00f1al\u00f3 que \u00abes importante que el desarrollo tecnol\u00f3gico involucre a todos los actores\u00bb.<\/p>\n<p>En aquella disertaci\u00f3n tambi\u00e9n estuvo presente Esther Paniagua, periodista especializada en temas tecnol\u00f3gicos, que advirti\u00f3 sobre los peligros que podr\u00edan impedir o frenar el desarrollo en este sector. La periodista enumer\u00f3: \u00abEl monopolio de servicios en compa\u00f1\u00edas; los gobiernos, que encarecen el acceso a Internet; y la censura y el control en redes sociales\u00bb.<\/p>\n<p>Finalmente, aportando una mirada m\u00e1s positiva, la directora de Telef\u00f3nica Open Future, Ana Segurado, subray\u00f3 que Am\u00e9rica Latina tiene \u00abmucho talento y es una sociedad receptiva a la innovaci\u00f3n tecnol\u00f3gica\u00bb. Por ello, destac\u00f3 la importancia de \u00abidentificar el talento y empujar su promoci\u00f3n y desarrollo para que evolucione en el \u00e1mbito local\u00bb.<\/p>\n<h3><strong>La falta de apoyo a los innovadores<\/strong><\/h3>\n<p>En el panel sobre la cuarta revoluci\u00f3n industrial, que se desarroll\u00f3 en el Foro Econ\u00f3mico Mundial de Medell\u00edn, el ministro de las TIC de Colombia, David Luna, puso sobre la mesa un\u00a0<a href=\"http:\/\/www.elcolombiano.com\/foro-economico-mundial\/foro-economico-mundial-medellin-hablo-de-financiacion-a-emprededores-XA4406213\" target=\"_blank\">dato<\/a> importante para comprender el estado de la situaci\u00f3n actual. \u00abMientras en Estados Unidos la inversi\u00f3n per c\u00e1pita en empresas de base digital y tecnol\u00f3gica es de 400 d\u00f3lares, en Am\u00e9rica Latina no supera los 15 d\u00f3lares\u00bb.<\/p>\n<p>Esa diferencia en t\u00e9rminos de capital para los emprendimientos \u00abtiene un impacto directo sobre la manera en que la revoluci\u00f3n tecnol\u00f3gica ser\u00e1 aprovechada en la regi\u00f3n\u00bb.<\/p>\n<p>Por este motivo, en el panel se puso de relieve la necesidad de que las empresas privadas y los gobiernos no asuman de manera separada el impacto de esta revoluci\u00f3n tecnol\u00f3gica. Brian Gallagher, presidente de United Way Worldwide, sintetiz\u00f3: \u00abPermitir y motivar el acceso de la poblaci\u00f3n a la informaci\u00f3n es la mejor inversi\u00f3n que se puede planear en una pol\u00edtica p\u00fablica\u00bb.<br \/>\nFuente: Rt<br \/>\n<em><strong>Santiago Mayor<\/strong><\/em><\/p>\n","protected":false},"excerpt":{"rendered":"<p>Durante el Foro Econ\u00f3mico Mundial realizado en Medell\u00edn se debati\u00f3, entre otros temas, sobre el potencial tecnol\u00f3gico de Am\u00e9rica Latina. El secretario de Econom\u00eda de M\u00e9xico, Ildefonso Guajardo Villarreal, declar\u00f3 que la regi\u00f3n puede \u00ababrazar y aprovechar al m\u00e1ximo la era digital\u00bb. El funcionario mexicano particip\u00f3 del Foro Econ\u00f3mico Mundial para Am\u00e9rica Latina realizado en [&hellip;]<\/p>\n","protected":false},"author":1,"featured_media":12972,"comment_status":"open","ping_status":"open","sticky":false,"template":"","format":"standard","meta":{"rop_custom_images_group":[],"rop_custom_messages_group":[],"rop_publish_now":"initial","rop_publish_now_accounts":[],"rop_publish_now_history":[],"rop_publish_now_status":"pending","footnotes":""},"categories":[60],"tags":[],"class_list":["post-12971","post","type-post","status-publish","format-standard","has-post-thumbnail","hentry","category-sonnoticia"],"_links":{"self":[{"href":"https:\/\/notiissa.mx\/index.php?rest_route=\/wp\/v2\/posts\/12971","targetHints":{"allow":["GET"]}}],"collection":[{"href":"https:\/\/notiissa.mx\/index.php?rest_route=\/wp\/v2\/posts"}],"about":[{"href":"https:\/\/notiissa.mx\/index.php?rest_route=\/wp\/v2\/types\/post"}],"author":[{"embeddable":true,"href":"https:\/\/notiissa.mx\/index.php?rest_route=\/wp\/v2\/users\/1"}],"replies":[{"embeddable":true,"href":"https:\/\/notiissa.mx\/index.php?rest_route=%2Fwp%2Fv2%2Fcomments&post=12971"}],"version-history":[{"count":1,"href":"https:\/\/notiissa.mx\/index.php?rest_route=\/wp\/v2\/posts\/12971\/revisions"}],"predecessor-version":[{"id":12973,"href":"https:\/\/notiissa.mx\/index.php?rest_route=\/wp\/v2\/posts\/12971\/revisions\/12973"}],"wp:featuredmedia":[{"embeddable":true,"href":"https:\/\/notiissa.mx\/index.php?rest_route=\/wp\/v2\/media\/12972"}],"wp:attachment":[{"href":"https:\/\/notiissa.mx\/index.php?rest_route=%2Fwp%2Fv2%2Fmedia&parent=12971"}],"wp:term":[{"taxonomy":"category","embeddable":true,"href":"https:\/\/notiissa.mx\/index.php?rest_route=%2Fwp%2Fv2%2Fcategories&post=12971"},{"taxonomy":"post_tag","embeddable":true,"href":"https:\/\/notiissa.mx\/index.php?rest_route=%2Fwp%2Fv2%2Ftags&post=12971"}],"curies":[{"name":"wp","href":"https:\/\/api.w.org\/{rel}","templated":true}]}}