{"id":12811,"date":"2016-06-11T19:52:25","date_gmt":"2016-06-11T19:52:25","guid":{"rendered":"http:\/\/notiissa.mx\/?p=12811"},"modified":"2016-06-11T19:52:25","modified_gmt":"2016-06-11T19:52:25","slug":"que-pais-se-perfila-como-proximo-candidato-a-salir-de-la-ue-y-por-que","status":"publish","type":"post","link":"https:\/\/notiissa.mx\/?p=12811","title":{"rendered":"\u00bfQu\u00e9 pa\u00eds se perfila como pr\u00f3ximo candidato a salir de la UE y por qu\u00e9?"},"content":{"rendered":"<p>\u00abAlguna vez fue un faro de la pol\u00edtica progresista, pero ahora es tan solo un pa\u00eds traumatizado, enojado y profundamente confundido\u00bb.<\/p>\n<p>La crisis migratoria y econ\u00f3mica, junto con la ola de atentados terroristas que han azotado a la Uni\u00f3n Europea, han puesto sobre la mesa la posibilidad de su posible desintegraci\u00f3n. En este contexto, y a pocos d\u00edas de la celebraci\u00f3n\u00a0en el Reino Unido\u00a0del <a href=\"https:\/\/actualidad.rt.com\/actualidad\/209386-britancos-apoyo-brexit-encuesta\" target=\"_blank\" rel=\"up\">refer\u00e9ndum<\/a>\u00a0que podr\u00eda significar su salida de la UE, Pa\u00edses Bajos se perfila como el pr\u00f3ximo candidato a abandonar la uni\u00f3n en medio del creciente apoyo a los partidos nacionalistas, que demuestra que los pa\u00edses del continente\u00a0buscan salir de la crisis por s\u00ed mismas.<\/p>\n<p>A comienzos de abril, los resultados del\u00a0<a href=\"https:\/\/actualidad.rt.com\/actualidad\/204007-paises-bajos-votar-ucrania-ue\" target=\"_blank\" rel=\"up\">refer\u00e9ndum<\/a>\u00a0en el que los neerlandeses deb\u00edan decidir si eran favorables a la asociaci\u00f3n entre la UE\u00a0y Ucrania demostraron que la mayor\u00eda de los habitantes del pa\u00eds (un 61%) rechazaban la propuesta y manifestaban su\u00a0descontento con el bloque. De acuerdo con <a href=\"http:\/\/www.theguardian.com\/commentisfree\/2016\/jun\/06\/netherlands-eu-immigration-liberalism-european\" target=\"_blank\">&#8216;The Guardian&#8217;<\/a>, la mayor preocupaci\u00f3n de la UE no es el aumento de los refugiados en Alemania\u00a0o los actos terroristas en Francia o B\u00e9lgica, sino que Pa\u00edses Bajos, anta\u00f1o \u00absin\u00f3nimo de tolerancia y libertad\u00bb, podr\u00eda pronto dejar de merecer este calificativo. \u00abPa\u00edses Bajos fue un faro de pol\u00edticas progresistas, pero ahora es tan solo un pa\u00eds traumatizado, enojado y profundamente confundido\u00bb, se\u00f1ala la publicaci\u00f3n.<\/p>\n<p><strong>\u00bfVictoria de las ideas derechistas?<\/strong><\/p>\n<p>Una de las razones de peso por las cuales el pa\u00eds se perfila como candidato a abandonar la UE es\u00a0la creciente influencia del derechista Partido por la Libertad (PPV, por sus siglas en Holand\u00e9s). En marzo de 2017 Pa\u00edses Bajos celebrar\u00e1 elecciones parlamentarias,\u00a0y las encuestas muestran una victoria sin precedentes\u00a0del PPV, cuyo l\u00edder, Geert Wilders, ha\u00a0sido comparado con el precandidato a la presidencia de EE.UU.\u00a0<a href=\"https:\/\/actualidad.rt.com\/actualidad\/167392-sepa-mas-donald-trump\" target=\"_blank\">Donald Trump<\/a> por sus ideas populistas e islam\u00f3fobas. Al respecto <a href=\"https:\/\/www.washingtonpost.com\/news\/worldviews\/wp\/2016\/05\/19\/meet-the-donald-trumps-of-europe\/\" target=\"_blank\">&#8216;The Washington Post&#8217;<\/a>\u00a0se\u00f1ala que Wilders se ha aprovechado de la crisis de los refugiados, por ejemplo denunciando\u00a0que los refugiados eran responsables de violaciones, con el fin de apuntalar sus advertencias respecto al islam.<\/p>\n<p><strong>Una sociedad enojada y confundida<\/strong><\/p>\n<p>Otro factor que ha influido en el euroescepticismo de los neerlandeses ha sido la \u00abmarca indeleble\u00bb que han dejado varios asesinatos y matanzas\u00a0en los \u00faltimos 15 a\u00f1os, que incluyen la muerte del l\u00edder de derecha Pim Fortuym en 2002, el atentado contra la Reina Beatriz en el 2009 \u2014en el que murieron ocho personas\u2014, el primer <a href=\"https:\/\/actualidad.rt.com\/actualidad\/view\/25797-Un-joven-mata-a-cinco-personas-en-un-centro-comercial-holand%C3%A9s-antes-de-suicidarse\" target=\"_blank\" rel=\"up\">tiroteo masivo<\/a>\u00a0que sufri\u00f3 el pa\u00eds \u2014en el centro comercial Ridderhof, cerca de \u00c1msterdam, en 2009\u2014 y la <a href=\"https:\/\/actualidad.rt.com\/actualidad\/180353-tragedia-mh17-investigacion-politizada\" target=\"_blank\" rel=\"up\">cat\u00e1strofe del MH17<\/a>\u00a0en Ucrania, en la que murieron 193 neerlandeses.<\/p>\n<p>Pa\u00edses Bajos se inclina considerablemente\u00a0hacia el nacionalismo\u00a0y la poblaci\u00f3n expresa\u00a0cada vez m\u00e1s temor hacia los terroristas y los migrantes de Oriente Medio, hasta el punto que se ha establecido vigilancia en las escuelas jud\u00edas y las sinagogas por miedo a los radicales islamistas locales. Si antes los neerlandeses cre\u00edan en que era posible integrar a los extranjeros, ahora el optimismo y la confianza de su sociedad, famosa por sus ideas progresistas, se han perdido.<\/p>\n<p>Fuente: Rt<\/p>\n","protected":false},"excerpt":{"rendered":"<p>\u00abAlguna vez fue un faro de la pol\u00edtica progresista, pero ahora es tan solo un pa\u00eds traumatizado, enojado y profundamente confundido\u00bb. La crisis migratoria y econ\u00f3mica, junto con la ola de atentados terroristas que han azotado a la Uni\u00f3n Europea, han puesto sobre la mesa la posibilidad de su posible desintegraci\u00f3n. En este contexto, y [&hellip;]<\/p>\n","protected":false},"author":1,"featured_media":12812,"comment_status":"open","ping_status":"open","sticky":false,"template":"","format":"standard","meta":{"rop_custom_images_group":[],"rop_custom_messages_group":[],"rop_publish_now":"initial","rop_publish_now_accounts":[],"rop_publish_now_history":[],"rop_publish_now_status":"pending","footnotes":""},"categories":[60],"tags":[],"class_list":["post-12811","post","type-post","status-publish","format-standard","has-post-thumbnail","hentry","category-sonnoticia"],"_links":{"self":[{"href":"https:\/\/notiissa.mx\/index.php?rest_route=\/wp\/v2\/posts\/12811","targetHints":{"allow":["GET"]}}],"collection":[{"href":"https:\/\/notiissa.mx\/index.php?rest_route=\/wp\/v2\/posts"}],"about":[{"href":"https:\/\/notiissa.mx\/index.php?rest_route=\/wp\/v2\/types\/post"}],"author":[{"embeddable":true,"href":"https:\/\/notiissa.mx\/index.php?rest_route=\/wp\/v2\/users\/1"}],"replies":[{"embeddable":true,"href":"https:\/\/notiissa.mx\/index.php?rest_route=%2Fwp%2Fv2%2Fcomments&post=12811"}],"version-history":[{"count":1,"href":"https:\/\/notiissa.mx\/index.php?rest_route=\/wp\/v2\/posts\/12811\/revisions"}],"predecessor-version":[{"id":12813,"href":"https:\/\/notiissa.mx\/index.php?rest_route=\/wp\/v2\/posts\/12811\/revisions\/12813"}],"wp:featuredmedia":[{"embeddable":true,"href":"https:\/\/notiissa.mx\/index.php?rest_route=\/wp\/v2\/media\/12812"}],"wp:attachment":[{"href":"https:\/\/notiissa.mx\/index.php?rest_route=%2Fwp%2Fv2%2Fmedia&parent=12811"}],"wp:term":[{"taxonomy":"category","embeddable":true,"href":"https:\/\/notiissa.mx\/index.php?rest_route=%2Fwp%2Fv2%2Fcategories&post=12811"},{"taxonomy":"post_tag","embeddable":true,"href":"https:\/\/notiissa.mx\/index.php?rest_route=%2Fwp%2Fv2%2Ftags&post=12811"}],"curies":[{"name":"wp","href":"https:\/\/api.w.org\/{rel}","templated":true}]}}