{"id":11312,"date":"2016-04-15T23:15:25","date_gmt":"2016-04-15T23:15:25","guid":{"rendered":"http:\/\/notiissa.mx\/?p=11312"},"modified":"2016-04-16T04:11:33","modified_gmt":"2016-04-16T04:11:33","slug":"un-gobierno-que-ni-es-ciudadano-ni-es-independiente-bernardo-javier-garcia-medina","status":"publish","type":"post","link":"https:\/\/notiissa.mx\/?p=11312","title":{"rendered":"Un Gobierno que ni es Ciudadano, ni es Independiente. Bernardo Javier Garc\u00eda Medina"},"content":{"rendered":"<div id=\"yui_3_16_0_ym19_1_1460760482479_9276\" class=\"thread-quoted-body expanded\" tabindex=\"0\">\n<div id=\"yui_3_16_0_ym19_1_1460760482479_9277\" class=\"yiv4964900584gmail_quote\">\n<div id=\"yui_3_16_0_ym19_1_1460760482479_9280\" dir=\"ltr\">\n<p id=\"yui_3_16_0_ym19_1_1460760482479_9279\"><a id=\"yui_3_16_0_ym19_1_1460760482479_9320\" href=\"http:\/\/revistalibertad.com.mx\/El\" target=\"_blank\" rel=\"nofollow\" shape=\"rect\">revistalibertad.com.mx\/El<\/a> Vuelo del Halc\u00f3n Nocturno\/ Bernardo Javier GARCIA MEDINA.-Sean todos ustedes ustedes caros, respetados y queridos lectores, bienvenidos a este su espacio y trincheras Compartidos.<\/p>\n<p id=\"yui_3_16_0_ym19_1_1460760482479_9281\">Me negaba en redondo a gastar tinta en un Gobierno que ni es Ciudadano, ni es Independiente ni menos una opci\u00f3n para los mexicanos, pero alguien debe poner los puntos sobre las i\u00e9s.<\/p>\n<p id=\"yui_3_16_0_ym19_1_1460760482479_9282\">Apenas regres\u00f3 de su convalecencia de dos d\u00edas, y tras las renuncias y sus resonancias en las redes sociales, el jefe del ejecutivo neolon\u00e9s vuelve a la carga.<\/p>\n<p id=\"yui_3_16_0_ym19_1_1460760482479_9283\">Lo hace anunciando el ya tan anunciado, manoseado y cambiado el esquema de reestructura interna para ahorrar dinero<\/p>\n<p id=\"yui_3_16_0_ym19_1_1460760482479_9284\">Hoy hace el anuncio del despido de 700 bur\u00f3cratas de los 1,500 que tiene pensado correr.<\/p>\n<p id=\"yui_3_16_0_ym19_1_1460760482479_9285\">Con ellos quiere ahorrar un gasto entre los 400 y 500 millones de pesos.<\/p>\n<p id=\"yui_3_16_0_ym19_1_1460760482479_9286\">Pero deja una gorda, obesa, doble o triple funcional burocracia de angora que devengan de los 72 mil a los 132 mil pesos mensuales.<\/p>\n<p id=\"yui_3_16_0_ym19_1_1460760482479_9287\">Una estructura de asesores interminable.<\/p>\n<p id=\"yui_3_16_0_ym19_1_1460760482479_9288\">Lo mismo que en gastos subterr\u00e1neos para otras cosas no prioritarias ni efectivas como los casi 50 millones para la oficina de coordinaci\u00f3n ejecutiva de Mister Burn, Fernando Elizondo<\/p>\n<p id=\"yui_3_16_0_ym19_1_1460760482479_9289\">Eso es Peca Minuta.<\/p>\n<p id=\"yui_3_16_0_ym19_1_1460760482479_9290\">El gobierno anuncia la eliminaci\u00f3n de la oficina ejecutiva del gobierno.<\/p>\n<p id=\"yui_3_16_0_ym19_1_1460760482479_9291\">S\u00ed- esa misma que detentaba el activista social Miguel Trevi\u00f1o- y que no quiso seguir manejando por la protecci\u00f3n que se hizo de un funcionario Corrupto Como Benavides Pinto con el cobijagate.<\/p>\n<p id=\"yui_3_16_0_ym19_1_1460760482479_9292\">Ambas oficinas se anulan, pero crean otra igual de administraci\u00f3n e infraestructura.<\/p>\n<p id=\"yui_3_16_0_ym19_1_1460760482479_9293\">Esto se contempla en los cambios y modificaciones a la ley org\u00e1nica del Gobierno, que el ejecutivo present\u00f3 para su estudio, an\u00e1lisis y aprobaci\u00f3n a los 42 diputados en la 74 Legislatura Local.<\/p>\n<p>Hasta aqu\u00ed todo marcha.<\/p>\n<p id=\"yui_3_16_0_ym19_1_1460760482479_9295\">Forman parte de los 88 cambios pensados por esta administraci\u00f3n neolonesa.<\/p>\n<p id=\"yui_3_16_0_ym19_1_1460760482479_9294\">La Reforma a la ley org\u00e1nica de la Administraci\u00f3n P\u00fablica de Nuevo Le\u00f3n, contempla adem\u00e1s el despido de otros 700 bur\u00f3cratas.<\/p>\n<p id=\"yui_3_16_0_ym19_1_1460760482479_9296\">Ese despido masivo, supondr\u00e1 al gobierno un ahorro estimado entre los 400 y 500 millones de pesos.<\/p>\n<p id=\"yui_3_16_0_ym19_1_1460760482479_9297\">La Subsecretar\u00eda de Administraci\u00f3n, dependiente de Finanzas pasar\u00eda a ser una secretar\u00eda para concentrar la administraci\u00f3n de todo el gobierno.<\/p>\n<p id=\"yui_3_16_0_ym19_1_1460760482479_9298\">De ella depender\u00edan todas las unidades. en pro de una transparencia, claridad y control en teor\u00eda.<\/p>\n<p id=\"yui_3_16_0_ym19_1_1460760482479_9299\">Con los cambios desaparec\u00edan direcciones dependientes de la Secretar\u00eda General del Gobierno de Nuevo Le\u00f3n, pero lo mismo pasar\u00eda en Educaci\u00f3n, Desarrollo Social, del Trabajo, Desarrollo Econ\u00f3mico y cualquier unidad que realice esas funciones.<\/p>\n<p id=\"yui_3_16_0_ym19_1_1460760482479_9300\">Ahora tendr\u00e1 mucho m\u00e1s poder la Oficina Ejecutiva de Elizondo.<\/p>\n<p id=\"yui_3_16_0_ym19_1_1460760482479_9301\">La oficina en M\u00e9xico se transforma en Staff para atender al mandatario estatal.<\/p>\n<p id=\"yui_3_16_0_ym19_1_1460760482479_9302\">La Secretar\u00eda Particular del Gobernador y la Coordinaci\u00f3n de Relaciones P\u00fablicas deber\u00e1n rendir informes directos al gobernador<\/p>\n<p id=\"yui_3_16_0_ym19_1_1460760482479_9303\">Otras secretar\u00edas ser\u00e1n absorbidas y ejercer\u00e1n las funciones que tienen actualmente las oficinas del Trabajo y Desarrollo Econ\u00f3mico.<\/p>\n<p id=\"yui_3_16_0_ym19_1_1460760482479_9304\">Inform\u00e1tica y tecnolog\u00eda de la informaci\u00f3n, dependientes de Finanzas ser\u00e1n direcciones de la secretar\u00eda de Administraci\u00f3n.<\/p>\n<p id=\"yui_3_16_0_ym19_1_1460760482479_9305\">Reducir\u00e1n las cuatro oficinas de apoyo Municipal; la direcci\u00f3n de atenci\u00f3n a v\u00edctimas del delito se integran a otras unidades, pero sin tocar para nada la oficina o subsecretar\u00eda de prevenci\u00f3n del delito que est\u00e1n en la secretar\u00eda de seguridad p\u00fablica.<\/p>\n<p id=\"yui_3_16_0_ym19_1_1460760482479_9306\">El campo solo cambia de direcci\u00f3n a secretar\u00eda; las cinco universidades tecnol\u00f3gicas pasar\u00e1n a ser un polit\u00e9cnico en cinco campus con una sola direcci\u00f3n.<\/p>\n<p id=\"yui_3_16_0_ym19_1_1460760482479_9307\">Transporte cambia de facha, de nombre pero aumenta sus oficinas con nombres diversos.<\/p>\n<p id=\"yui_3_16_0_ym19_1_1460760482479_9308\">El Instituto de la Defensor\u00eda P\u00fablica cambia de nombre a direcci\u00f3n.<\/p>\n<p id=\"yui_3_16_0_ym19_1_1460760482479_9309\">Del gobierno central se suprimir\u00e1n 54 \u00a0subsecretar\u00edas para el sector estatal pasan de 64 a 22.<\/p>\n<p id=\"yui_3_16_0_ym19_1_1460760482479_9310\">Actualmente, la n\u00f3mina del estado es de 43, 524 trabajadores, de los que ir\u00e1n corriendo a 700, de los que representan un 30 por ciento que si pueden cambiar de roles.<\/p>\n<p id=\"yui_3_16_0_ym19_1_1460760482479_9311\">Los otros 86 mil puestos los ocupan polic\u00edas,maestros,enfermeras, doctores y otros cargos de hospitales.<\/p>\n<p id=\"yui_3_16_0_ym19_1_1460760482479_9312\">Hasta aqu\u00ed todo parece ir bien, pero las 42 plazas de funcionarios que devengan entre 72 y 132 mil pesos mensuales se mantienen intocables.<\/p>\n<p id=\"yui_3_16_0_ym19_1_1460760482479_9313\">Tambi\u00e9n los asesores, amigos, recomendados, enemigos, parientes, activistas, responsables de las m\u00e1s importantes empresas de Nuevo Le\u00f3n, pero eso, entre otras Cosas Al Vuelo, comentaremos en pr\u00f3ximo despacho period\u00edstico estimados lectores.<\/p>\n<p id=\"yui_3_16_0_ym19_1_1460760482479_9314\">Su correo Halcon943@gmail, sigue siendo un conducto de interrelaci\u00f3n, comunicaci\u00f3n, denuncia, tribuna o lo que usted necesite compartir amado y respetado lector. Bernardo Garc\u00eda Medina<\/p>\n<p>&nbsp;<\/p>\n<p>Las columnas, opiniones y comentarios son responsabilidad e investigaci\u00f3n de los autores.<\/p>\n<\/div>\n<\/div>\n<\/div>\n","protected":false},"excerpt":{"rendered":"<p>revistalibertad.com.mx\/El Vuelo del Halc\u00f3n Nocturno\/ Bernardo Javier GARCIA MEDINA.-Sean todos ustedes ustedes caros, respetados y queridos lectores, bienvenidos a este su espacio y trincheras Compartidos. Me negaba en redondo a gastar tinta en un Gobierno que ni es Ciudadano, ni es Independiente ni menos una opci\u00f3n para los mexicanos, pero alguien debe poner los puntos [&hellip;]<\/p>\n","protected":false},"author":1,"featured_media":11313,"comment_status":"open","ping_status":"open","sticky":false,"template":"","format":"standard","meta":{"rop_custom_images_group":[],"rop_custom_messages_group":[],"rop_publish_now":"initial","rop_publish_now_accounts":[],"rop_publish_now_history":[],"rop_publish_now_status":"pending","footnotes":""},"categories":[75,77],"tags":[],"class_list":["post-11312","post","type-post","status-publish","format-standard","has-post-thumbnail","hentry","category-actualidad","category-ni-lectoris"],"_links":{"self":[{"href":"https:\/\/notiissa.mx\/index.php?rest_route=\/wp\/v2\/posts\/11312","targetHints":{"allow":["GET"]}}],"collection":[{"href":"https:\/\/notiissa.mx\/index.php?rest_route=\/wp\/v2\/posts"}],"about":[{"href":"https:\/\/notiissa.mx\/index.php?rest_route=\/wp\/v2\/types\/post"}],"author":[{"embeddable":true,"href":"https:\/\/notiissa.mx\/index.php?rest_route=\/wp\/v2\/users\/1"}],"replies":[{"embeddable":true,"href":"https:\/\/notiissa.mx\/index.php?rest_route=%2Fwp%2Fv2%2Fcomments&post=11312"}],"version-history":[{"count":2,"href":"https:\/\/notiissa.mx\/index.php?rest_route=\/wp\/v2\/posts\/11312\/revisions"}],"predecessor-version":[{"id":11333,"href":"https:\/\/notiissa.mx\/index.php?rest_route=\/wp\/v2\/posts\/11312\/revisions\/11333"}],"wp:featuredmedia":[{"embeddable":true,"href":"https:\/\/notiissa.mx\/index.php?rest_route=\/wp\/v2\/media\/11313"}],"wp:attachment":[{"href":"https:\/\/notiissa.mx\/index.php?rest_route=%2Fwp%2Fv2%2Fmedia&parent=11312"}],"wp:term":[{"taxonomy":"category","embeddable":true,"href":"https:\/\/notiissa.mx\/index.php?rest_route=%2Fwp%2Fv2%2Fcategories&post=11312"},{"taxonomy":"post_tag","embeddable":true,"href":"https:\/\/notiissa.mx\/index.php?rest_route=%2Fwp%2Fv2%2Ftags&post=11312"}],"curies":[{"name":"wp","href":"https:\/\/api.w.org\/{rel}","templated":true}]}}