{"id":11136,"date":"2016-04-10T18:34:00","date_gmt":"2016-04-10T18:34:00","guid":{"rendered":"http:\/\/notiissa.mx\/?p=11136"},"modified":"2016-04-10T18:34:00","modified_gmt":"2016-04-10T18:34:00","slug":"repudiamos-la-tala-de-arboles-y-dano-a-monumentos-para-realizar-campana-cruz-perez-cuellar","status":"publish","type":"post","link":"https:\/\/notiissa.mx\/?p=11136","title":{"rendered":"Repudiamos la tala de \u00e1rboles y da\u00f1o a monumentos para realizar campa\u00f1a: Cruz P\u00e9rez Cu\u00e9llar"},"content":{"rendered":"<p id=\"yui_3_16_0_ym19_1_1460311903618_10885\" class=\"yiv1318836287MsoNormal\"><span id=\"yui_3_16_0_ym19_1_1460311903618_10886\">A trav\u00e9s del portal web de la Asociaci\u00f3n Civil \u201cPlan Estrat\u00e9gico de Ju\u00e1rez\u201d, www.planjuarez.org, se present\u00f3 una denuncia ciudadana en la que se informa que fueron talados dos \u00e1rboles en la plaza Benito Ju\u00e1rez el domingo pasado y se quebraron adoquines, con el objetivo de instalar un escenario para que se realizar\u00e1 un evento de campa\u00f1a del candidato del PRI, Enrique Serrano.<\/span><\/p>\n<p id=\"yui_3_16_0_ym19_1_1460311903618_10892\" class=\"yiv1318836287MsoNormal\"><span id=\"yui_3_16_0_ym19_1_1460311903618_10891\" style=\"color: #444444; font-family: Arial;\"><span id=\"yui_3_16_0_ym19_1_1460311903618_10890\">\u201cRepudiamos estos actos que da\u00f1an los espacios p\u00fablicos de ciudad Ju\u00e1rez, lo que se debe buscar es proteger los \u00e1rboles que hay y evitar cualquier tipo de da\u00f1o en la estructura de monumentos, es contradictorio que esto se realice en un acto de\u00a0<\/span><span id=\"yui_3_16_0_ym19_1_1460311903618_10937\">proselitismo<\/span><span id=\"yui_3_16_0_ym19_1_1460311903618_10893\">\u00a0que busca presentar propuestas para mejorar\u201d,\u00a0indic\u00f3 P\u00e9rez Cu\u00e9llar.<\/span><\/span><\/p>\n<p id=\"yui_3_16_0_ym19_1_1460311903618_10895\" class=\"yiv1318836287MsoNormal\"><span id=\"yui_3_16_0_ym19_1_1460311903618_10894\">Agreg\u00f3 que es importante que los candidatos y sus equipos de campa\u00f1a cuiden en todo momento la infraestructura p\u00fablica, monumentos y parques, al ser patrimonio de las ciudades, por lo exhort\u00f3 a sus contrincantes a tener m\u00e1s precauci\u00f3n durante la realizaci\u00f3n de eventos pol\u00edticos.<\/span><\/p>\n<p id=\"yui_3_16_0_ym19_1_1460311903618_10896\" class=\"yiv1318836287MsoNormal\"><span id=\"yui_3_16_0_ym19_1_1460311903618_10898\" style=\"color: #444444; font-family: Arial;\"><span id=\"yui_3_16_0_ym19_1_1460311903618_10938\">\u201cMe parece grave la\u00a0<\/span><span id=\"yui_3_16_0_ym19_1_1460311903618_10899\">decisi\u00f3n<\/span><span id=\"yui_3_16_0_ym19_1_1460311903618_10897\">\u00a0de cortar \u00e1rboles, mucho m\u00e1s porque en ese lugar se han estado realizando actividades de reforestaci\u00f3n por parte de los juarenses, quienes incluso han donado plantas para mitigar los efectos del calentamiento global, mejorar el aspecto de la zona y contribuir con el medio ambiente\u201d, dijo P\u00e9rez Cu\u00e9llar.<\/span><\/span><\/p>\n<p id=\"yui_3_16_0_ym19_1_1460311903618_10900\" class=\"yiv1318836287MsoNormal\"><span id=\"yui_3_16_0_ym19_1_1460311903618_10901\">La falta de educaci\u00f3n, cultura\u00a0 y consciencia sobre el respeto al medio ambiente hace necesario fortalecer las leyes y los programas en materia ambiental, por lo que he propuesto establecer una nueva pol\u00edticia en el tema, para dotar al gobierno estatal y municipal de mayores facultades para la preservaci\u00f3n de los recursos naturales y del entorno.<\/span><\/p>\n<p id=\"yui_3_16_0_ym19_1_1460311903618_10903\" class=\"yiv1318836287MsoNormal\"><span id=\"yui_3_16_0_ym19_1_1460311903618_10902\">\u201cExigiremos a las autoridades municipales una explicaci\u00f3n de los da\u00f1o por parte del equipo de campa\u00f1a del PRI a la Plaza Ju\u00e1rez y pediremos la sanci\u00f3n correspondiente\u201d, finaliz\u00f3.<\/span><\/p>\n","protected":false},"excerpt":{"rendered":"<p>A trav\u00e9s del portal web de la Asociaci\u00f3n Civil \u201cPlan Estrat\u00e9gico de Ju\u00e1rez\u201d, www.planjuarez.org, se present\u00f3 una denuncia ciudadana en la que se informa que fueron talados dos \u00e1rboles en la plaza Benito Ju\u00e1rez el domingo pasado y se quebraron adoquines, con el objetivo de instalar un escenario para que se realizar\u00e1 un evento de [&hellip;]<\/p>\n","protected":false},"author":1,"featured_media":11137,"comment_status":"open","ping_status":"open","sticky":false,"template":"","format":"standard","meta":{"rop_custom_images_group":[],"rop_custom_messages_group":[],"rop_publish_now":"initial","rop_publish_now_accounts":[],"rop_publish_now_history":[],"rop_publish_now_status":"pending","footnotes":""},"categories":[72],"tags":[23],"class_list":["post-11136","post","type-post","status-publish","format-standard","has-post-thumbnail","hentry","category-estado","tag-destacado"],"_links":{"self":[{"href":"https:\/\/notiissa.mx\/index.php?rest_route=\/wp\/v2\/posts\/11136","targetHints":{"allow":["GET"]}}],"collection":[{"href":"https:\/\/notiissa.mx\/index.php?rest_route=\/wp\/v2\/posts"}],"about":[{"href":"https:\/\/notiissa.mx\/index.php?rest_route=\/wp\/v2\/types\/post"}],"author":[{"embeddable":true,"href":"https:\/\/notiissa.mx\/index.php?rest_route=\/wp\/v2\/users\/1"}],"replies":[{"embeddable":true,"href":"https:\/\/notiissa.mx\/index.php?rest_route=%2Fwp%2Fv2%2Fcomments&post=11136"}],"version-history":[{"count":1,"href":"https:\/\/notiissa.mx\/index.php?rest_route=\/wp\/v2\/posts\/11136\/revisions"}],"predecessor-version":[{"id":11138,"href":"https:\/\/notiissa.mx\/index.php?rest_route=\/wp\/v2\/posts\/11136\/revisions\/11138"}],"wp:featuredmedia":[{"embeddable":true,"href":"https:\/\/notiissa.mx\/index.php?rest_route=\/wp\/v2\/media\/11137"}],"wp:attachment":[{"href":"https:\/\/notiissa.mx\/index.php?rest_route=%2Fwp%2Fv2%2Fmedia&parent=11136"}],"wp:term":[{"taxonomy":"category","embeddable":true,"href":"https:\/\/notiissa.mx\/index.php?rest_route=%2Fwp%2Fv2%2Fcategories&post=11136"},{"taxonomy":"post_tag","embeddable":true,"href":"https:\/\/notiissa.mx\/index.php?rest_route=%2Fwp%2Fv2%2Ftags&post=11136"}],"curies":[{"name":"wp","href":"https:\/\/api.w.org\/{rel}","templated":true}]}}