{"id":11088,"date":"2016-04-09T04:26:15","date_gmt":"2016-04-09T04:26:15","guid":{"rendered":"http:\/\/notiissa.mx\/?p=11088"},"modified":"2016-04-09T04:26:15","modified_gmt":"2016-04-09T04:26:15","slug":"anuncia-perez-cuellar-la-recuperacion-de-espacios-en-colonias-de-juarez","status":"publish","type":"post","link":"https:\/\/notiissa.mx\/?p=11088","title":{"rendered":"Anuncia P\u00e9rez Cu\u00e9llar la recuperaci\u00f3n de espacios en colonias de Ju\u00e1rez"},"content":{"rendered":"<p id=\"yui_3_16_0_ym19_1_1460174944185_4503\" class=\"yiv9646818397MsoNormal\"><span id=\"yui_3_16_0_ym19_1_1460174944185_4502\">El candidato a la gubernatura de Chihuahua, Cruz P\u00e9rez Cu\u00e9llar por Movimiento Ciudadano, recorri\u00f3 este d\u00eda las calles de la colonia Guadalajara y estuvo con simpatizantes en el Parque de la colonia Jos\u00e9 Mart\u00ed, en d\u00f3nde se comprometi\u00f3 a recuperar espacios p\u00fablicos para el disfrute de las familias.<\/span><\/p>\n<p id=\"yui_3_16_0_ym19_1_1460174944185_4501\" class=\"yiv9646818397MsoNormal\"><span id=\"yui_3_16_0_ym19_1_1460174944185_4500\">Previo a las reuniones con simpatizantes, el candidato estuvo volanteando en el crucero de la Avenida Las Torres y Troncoso, acompa\u00f1ado por simpatizantes y d\u00f3nde aprovecho para saludar y conversar con los automovilistas que pasaban por el lugar.<\/span><\/p>\n<p id=\"yui_3_16_0_ym19_1_1460174944185_5427\" class=\"yiv9646818397MsoNormal\"><span id=\"yui_3_16_0_ym19_1_1460174944185_5426\">M\u00e1s tarde, durante su visita a la colonia Guadalaja, afirm\u00f3 ante los vecinos, que lleg\u00f3 la hora de terminar con el abandono en el que tienen a ciudad Ju\u00e1rez, \u201cvean las calles, vean el transporte p\u00fablico, son muchas las horas que pierde cada juarense en los camiones o en sus carros por el p\u00e9simo transporte y las malas vialidades que hay\u201d, dijo el candidato.<\/span><\/p>\n<p id=\"yui_3_16_0_ym19_1_1460174944185_5429\" class=\"yiv9646818397MsoNormal\"><span id=\"yui_3_16_0_ym19_1_1460174944185_5428\">Agreg\u00f3 que si los ciudadanos quieren cambiar de historia consideren a Movimiento Ciudadano y que el 5 de junio opten por el gobierno ciudadano que encabezar\u00e1.<\/span><\/p>\n<p id=\"yui_3_16_0_ym19_1_1460174944185_5431\" class=\"yiv9646818397MsoNormal\"><span id=\"yui_3_16_0_ym19_1_1460174944185_5430\">\u201cTienen mi compromiso y palabra para sacar a esta ciudad adelante, y aprovecho para anunciar un proyecto de recuperaci\u00f3n de espacios p\u00fablicos, d\u00f3nde los ciudadanos podran ser\u00a0 participes de la conservaci\u00f3n y mejoramiento de los parques\u201d, concluy\u00f3 Cruz P\u00e9rez Cu\u00e9llar.<\/span><\/p>\n<p id=\"yui_3_16_0_ym19_1_1460174944185_5439\" class=\"yiv9646818397MsoNormal\">\n<span id=\"yui_3_16_0_ym19_1_1460174944185_5441\" style=\"color: #333333; font-family: Arial;\"><span id=\"yui_3_16_0_ym19_1_1460174944185_5440\">Link a video en la colonia Guadalajara.<\/span><\/span><\/p>\n<p id=\"yui_3_16_0_ym19_1_1460174944185_5432\" class=\"yiv9646818397MsoNormal\"><span style=\"color: #333333; font-family: Arial;\"><a href=\"https:\/\/youtu.be\/h3-MhtHcz0o\" target=\"_blank\" rel=\"nofollow\">https:\/\/youtu.be\/h3-MhtHcz0o<\/a><\/span><\/p>\n","protected":false},"excerpt":{"rendered":"<p>El candidato a la gubernatura de Chihuahua, Cruz P\u00e9rez Cu\u00e9llar por Movimiento Ciudadano, recorri\u00f3 este d\u00eda las calles de la colonia Guadalajara y estuvo con simpatizantes en el Parque de la colonia Jos\u00e9 Mart\u00ed, en d\u00f3nde se comprometi\u00f3 a recuperar espacios p\u00fablicos para el disfrute de las familias. Previo a las reuniones con simpatizantes, el [&hellip;]<\/p>\n","protected":false},"author":1,"featured_media":11089,"comment_status":"open","ping_status":"open","sticky":false,"template":"","format":"standard","meta":{"rop_custom_images_group":[],"rop_custom_messages_group":[],"rop_publish_now":"initial","rop_publish_now_accounts":[],"rop_publish_now_history":[],"rop_publish_now_status":"pending","footnotes":""},"categories":[72],"tags":[23],"class_list":["post-11088","post","type-post","status-publish","format-standard","has-post-thumbnail","hentry","category-estado","tag-destacado"],"_links":{"self":[{"href":"https:\/\/notiissa.mx\/index.php?rest_route=\/wp\/v2\/posts\/11088","targetHints":{"allow":["GET"]}}],"collection":[{"href":"https:\/\/notiissa.mx\/index.php?rest_route=\/wp\/v2\/posts"}],"about":[{"href":"https:\/\/notiissa.mx\/index.php?rest_route=\/wp\/v2\/types\/post"}],"author":[{"embeddable":true,"href":"https:\/\/notiissa.mx\/index.php?rest_route=\/wp\/v2\/users\/1"}],"replies":[{"embeddable":true,"href":"https:\/\/notiissa.mx\/index.php?rest_route=%2Fwp%2Fv2%2Fcomments&post=11088"}],"version-history":[{"count":1,"href":"https:\/\/notiissa.mx\/index.php?rest_route=\/wp\/v2\/posts\/11088\/revisions"}],"predecessor-version":[{"id":11090,"href":"https:\/\/notiissa.mx\/index.php?rest_route=\/wp\/v2\/posts\/11088\/revisions\/11090"}],"wp:featuredmedia":[{"embeddable":true,"href":"https:\/\/notiissa.mx\/index.php?rest_route=\/wp\/v2\/media\/11089"}],"wp:attachment":[{"href":"https:\/\/notiissa.mx\/index.php?rest_route=%2Fwp%2Fv2%2Fmedia&parent=11088"}],"wp:term":[{"taxonomy":"category","embeddable":true,"href":"https:\/\/notiissa.mx\/index.php?rest_route=%2Fwp%2Fv2%2Fcategories&post=11088"},{"taxonomy":"post_tag","embeddable":true,"href":"https:\/\/notiissa.mx\/index.php?rest_route=%2Fwp%2Fv2%2Ftags&post=11088"}],"curies":[{"name":"wp","href":"https:\/\/api.w.org\/{rel}","templated":true}]}}