{"id":11043,"date":"2016-04-07T04:30:49","date_gmt":"2016-04-07T04:30:49","guid":{"rendered":"http:\/\/notiissa.mx\/?p=11043"},"modified":"2016-04-07T04:30:49","modified_gmt":"2016-04-07T04:30:49","slug":"inauguran-foro-internacional-sobre-derechos-humanos","status":"publish","type":"post","link":"https:\/\/notiissa.mx\/?p=11043","title":{"rendered":"Inauguran Foro Internacional sobre derechos humanos"},"content":{"rendered":"<p id=\"yui_3_16_0_ym19_1_1460000260893_34616\" class=\"yiv1909861411MsoNormal\"><span id=\"yui_3_16_0_ym19_1_1460000260893_34615\">La inauguraci\u00f3n del \u201cForo Internacional sobre Derechos Humanos en el contexto de las actividades Empresariales y el Desarrollo Sostenible\u201d se llev\u00f3 a cabo este 6 de abril, convocado por la Comisi\u00f3n Nacional de los Derechos Humanos (CNDH), el Instituto Dan\u00e9s de Derechos Humanos y la Comisi\u00f3n Estatal de los Derechos Humanos (CEDH) de Chihuahua, con el objetivo de promover y analizar los principios rectores de los derechos humanos y las empresas de la ONU, identificar los objetivos del desarrollo sostenible y el impacto social de las empresas, as\u00ed como promover las acciones que conduzcan a lograr el desarrollo sostenible especialmente entre grupos en situaci\u00f3n de vulnerabilidad, y aquellos que carecen de un trabajo decente.<\/span><\/p>\n<p id=\"yui_3_16_0_ym19_1_1460000260893_34636\" class=\"yiv1909861411MsoNormal\"><span id=\"yui_3_16_0_ym19_1_1460000260893_34635\">En su mensaje, el presidente de la Comisi\u00f3n Estatal de los Derechos Humanos de Chihuahua, Jos\u00e9 Luis Armend\u00e1riz Gonz\u00e1lez, quien fungi\u00f3 como anfitri\u00f3n del evento, expres\u00f3 que en el organismo a su cargo se desarrollan esfuerzos importantes en conjunto con un buen n\u00famero de empresas chihuahuenses que se distinguen por su compromiso con \u200b<\/span><span id=\"yui_3_16_0_ym19_1_1460000260893_34637\">los derechos humanos. \u201cDesde Chihuahua venimos desarrollando contextos de emprededurismo, innovaci\u00f3n, responsabilidad social, desarrollo sostenible, protecci\u00f3n al medio ambiente, relaciones laborales armoniosas; lo cual se ve reflejado en la casi ausencia de huelgas durante a\u00f1os en Chihuahua. As\u00ed tambi\u00e9n, impulsando el trabajo decente y digno que se expresa en mejores condiciones hacia jornaleros agr\u00edcolas y a la disminuci\u00f3n destacada del trabajo infantil y reconocer que Chihuahua ha sido distinguida en el informe 2015 de UNICEF como la entidad en M\u00e9xico con el menor n\u00famero de adolescentes trabajadores. Asimismo, en la consolidaci\u00f3n del empleo formal que ubica a este estado seg\u00fan INEGI como la entidad con el mayor n\u00famero de trabajadores inscritos en alg\u00fan sistema de seguridad social. La realizaci\u00f3n de este foro constituye un evento muy apropiado y pertinente en este proceso de construcci\u00f3n y compromiso con los derechos humanos por parte de las empresas\u201d.<\/span><\/p>\n<p id=\"yui_3_16_0_ym19_1_1460000260893_34640\" class=\"yiv1909861411MsoNormal\"><span id=\"yui_3_16_0_ym19_1_1460000260893_34639\">Por su parte, Luis Ra\u00fal Gonz\u00e1lez P\u00e9rez, presidente de la CNDH expuso que el objetivo del Foro es establecer un espacio de reflexi\u00f3n sobre el deber del Estado de cumplir los compromisos establecidos en la agenda 2030, as\u00ed como de las empresas de propiciar el acceso de la sociedad a los mecanismos de remedio a las afectaciones al medio ambiente, a fin de cumplir con la responsabilidad social empresarial y con ello al desarrollo sostenible enmarcado en el respeto y promoci\u00f3n de los Derechos Humanos: \u201cLes hemos convocado a reflexionar sobre el importante papel que tienen las empresas para ayudar a revertir el rezago en las varias esferas sociales, toda vez que son estas las que pueden y deben apoyar para alcanzar grados aceptables en lo que concierne al trabajo decente,\u00a0<span id=\"yui_3_16_0_ym19_1_1460000260893_34641\">al crecimiento econ\u00f3mico en la innovaci\u00f3n de la industria con estricto respeto al medio ambiente, adem\u00e1s de contribuir en<\/span>\u00a0la erradicaci\u00f3n de la pobreza y apuntalar el acceso a la educaci\u00f3n o al agua potable, entre otras labores\u201d.<\/span><\/p>\n<p id=\"yui_3_16_0_ym19_1_1460000260893_34644\" class=\"yiv1909861411MsoNormal\"><span id=\"yui_3_16_0_ym19_1_1460000260893_34643\">La ceremonia inaugural estuvo encabezada por el Presidente de la CNDH de M\u00e9xico, Luis Ra\u00fal Gonz\u00e1lez P\u00e9rez; el Subsecretario del Trabajo y Previsi\u00f3n Social, Rafael Adri\u00e1n Avante Ju\u00e1rez; el Presidente del Grupo de Trabajo sobre Empresas y Derechos Humanos de la ONU, Dante Pesce; el Defensor del Pueblo de Colombia, Alfonso Cajiao Cabrera; el Director de Pol\u00edtica P\u00fablica de Derechos Humanos en SEGOB, Ricardo Sep\u00falveda Igu\u00edniz, el Defensor del Pueblo de Ecuador, Ramiro Rivadeneira; la Directora Adjunta del Instituto Dan\u00e9s de Derechos Humanos, Eva Granbye; la Asesora del Presidente de la Comisi\u00f3n Nacional de los Derechos Humanos de Marruecos, Nabila Tbeur; el Presidente de la CEDH Chihuahua, Jos\u00e9 Luis Armend\u00e1riz Gonz\u00e1lez y el Gobernador del Estado de Chihuahua, C\u00e9sar Horacio Duarte J\u00e1quez.<\/span><\/p>\n<p id=\"yui_3_16_0_ym19_1_1460000260893_34646\" class=\"yiv1909861411MsoNormal\"><span id=\"yui_3_16_0_ym19_1_1460000260893_34645\">Cabe mencionar que el evento es transmitido en vivo a trav\u00e9s de la se\u00f1al de televisi\u00f3n por Internet de la CNDH y por DHNET televisi\u00f3n derecho humanista, canal por internet de la CEDH Chihuahua (<a href=\"http:\/\/www.dhnet.org.mx\/\" target=\"_blank\" rel=\"nofollow\">www.dhnet.org.mx<\/a>).<\/span><\/p>\n<p id=\"yui_3_16_0_ym19_1_1460000260893_34652\" class=\"yiv1909861411MsoNormal\">\n","protected":false},"excerpt":{"rendered":"<p>La inauguraci\u00f3n del \u201cForo Internacional sobre Derechos Humanos en el contexto de las actividades Empresariales y el Desarrollo Sostenible\u201d se llev\u00f3 a cabo este 6 de abril, convocado por la Comisi\u00f3n Nacional de los Derechos Humanos (CNDH), el Instituto Dan\u00e9s de Derechos Humanos y la Comisi\u00f3n Estatal de los Derechos Humanos (CEDH) de Chihuahua, con [&hellip;]<\/p>\n","protected":false},"author":1,"featured_media":11044,"comment_status":"open","ping_status":"open","sticky":false,"template":"","format":"standard","meta":{"rop_custom_images_group":[],"rop_custom_messages_group":[],"rop_publish_now":"initial","rop_publish_now_accounts":[],"rop_publish_now_history":[],"rop_publish_now_status":"pending","footnotes":""},"categories":[67],"tags":[],"class_list":["post-11043","post","type-post","status-publish","format-standard","has-post-thumbnail","hentry","category-ciudad"],"_links":{"self":[{"href":"https:\/\/notiissa.mx\/index.php?rest_route=\/wp\/v2\/posts\/11043","targetHints":{"allow":["GET"]}}],"collection":[{"href":"https:\/\/notiissa.mx\/index.php?rest_route=\/wp\/v2\/posts"}],"about":[{"href":"https:\/\/notiissa.mx\/index.php?rest_route=\/wp\/v2\/types\/post"}],"author":[{"embeddable":true,"href":"https:\/\/notiissa.mx\/index.php?rest_route=\/wp\/v2\/users\/1"}],"replies":[{"embeddable":true,"href":"https:\/\/notiissa.mx\/index.php?rest_route=%2Fwp%2Fv2%2Fcomments&post=11043"}],"version-history":[{"count":1,"href":"https:\/\/notiissa.mx\/index.php?rest_route=\/wp\/v2\/posts\/11043\/revisions"}],"predecessor-version":[{"id":11045,"href":"https:\/\/notiissa.mx\/index.php?rest_route=\/wp\/v2\/posts\/11043\/revisions\/11045"}],"wp:featuredmedia":[{"embeddable":true,"href":"https:\/\/notiissa.mx\/index.php?rest_route=\/wp\/v2\/media\/11044"}],"wp:attachment":[{"href":"https:\/\/notiissa.mx\/index.php?rest_route=%2Fwp%2Fv2%2Fmedia&parent=11043"}],"wp:term":[{"taxonomy":"category","embeddable":true,"href":"https:\/\/notiissa.mx\/index.php?rest_route=%2Fwp%2Fv2%2Fcategories&post=11043"},{"taxonomy":"post_tag","embeddable":true,"href":"https:\/\/notiissa.mx\/index.php?rest_route=%2Fwp%2Fv2%2Ftags&post=11043"}],"curies":[{"name":"wp","href":"https:\/\/api.w.org\/{rel}","templated":true}]}}