{"id":1101,"date":"2015-04-05T01:03:53","date_gmt":"2015-04-05T01:03:53","guid":{"rendered":"http:\/\/notiissa.mx\/?p=1101"},"modified":"2015-04-05T01:03:53","modified_gmt":"2015-04-05T01:03:53","slug":"el-dolor-real-de-la-hipocondria-veronica-pina-jarillo","status":"publish","type":"post","link":"https:\/\/notiissa.mx\/?p=1101","title":{"rendered":"El dolor real de la hipocondr\u00eda. Ver\u00f3nica Pi\u00f1a Jarillo"},"content":{"rendered":"<p style=\"text-align: justify;\">\u00abEs un infierno\u201d, expresa Paula al referirse al trastorno que sufre desde hace a\u00f1os. \u201cCuando noto una sensaci\u00f3n o alg\u00fan s\u00edntoma extra\u00f1o en mi cuerpo, aparece la idea de que tengo una enfermedad incurable. En ninguna otra circunstancia he sentido el miedo y la tristeza que me provocan estos pensamientos. Despu\u00e9s viene el impulso de visitar a un m\u00e9dico y a otro y a otro, en busca de respuestas. A veces, las explicaciones de los especialistas me tranquilizan, pero s\u00f3lo por momentos, porque la creencia de que tengo una afecci\u00f3n grave siempre regresa\u201d.<\/p>\n<p style=\"text-align: justify;\">Paula tiene 29 a\u00f1os y a los ocho fue hospitalizada por una apendicitis. Durante los d\u00edas que estuvo internada fue testigo de casos de ni\u00f1os que llegaban con enfermedades que requer\u00edan largos y dolorosos tratamientos. \u201cEsos escenarios marcaron mi vida. Mi cirug\u00eda fue un \u00e9xito, pero desarroll\u00e9 hipocondria\u201d.<\/p>\n<p style=\"text-align: justify;\">El doctor Enrique Camarena Robles, m\u00e9dico psiquiatra del Instituto Mexicano del Seguro Social (IMSS), y el doctor Esa\u00fa Fabi\u00e1n Gonz\u00e1lez Trueba, cardi\u00f3logo del Hospital Ju\u00e1rez de M\u00e9xico, abordan el tema y coinciden en que la hipocondria es un problema de salud que debe ser tratado con seriedad.<\/p>\n<p style=\"text-align: justify;\">El doctor Camarena Robles explica que el t\u00e9rmino actualizado para la hipocondria es neurosis hipocondriaca. \u201cDentro de la clasificaci\u00f3n de la Organizaci\u00f3n Mundial de la Salud es considerada como un trastorno neur\u00f3tico, cuyo componente esencial es t\u00e1 relacionado a altos niveles de ansiedad, en ocasiones acompa\u00f1ados por cuadros depresivos. Es una condici\u00f3n que hay que atender, porque puede ser desgastante, discapacitante y con altos costos econ\u00f3micos\u201d.<\/p>\n<p style=\"text-align: justify;\">Es necesario comprender que el paciente hipocondriaco no finge sus s\u00edntomas, los siente, pero los exagera y magnifica, si hay, por ejemplo, un dolor de cabeza, \u00e9l piensa que tiene un tumor cerebral. En los pacientes hipocondriacos hay periodos asintom\u00e1ticos y sus crisis pueden ser disparadas por el estr\u00e9s, adem\u00e1s, es frecuente que exista tambi\u00e9n una predisposici\u00f3n gen\u00e9tica a esta condici\u00f3n.<\/p>\n<p>Descartar para diagnosticar<br \/>\nEl doctor Gonz\u00e1lez Trueba se\u00f1ala que el primer paso para diagnosticar la hipocondria es descartar cualquier padecimiento estructural. \u201cCuando un paciente llega con alg\u00fan dolor o malestar hay que creerle, hacer la evaluaci\u00f3n cl\u00ednica y los estudios pertinentes. Si en esta valoraci\u00f3n no se encuentra ning\u00fan problema f\u00edsico y el paciente insiste en que est\u00e1 enfermo lo que procede es derivarlo a una consulta psiqui\u00e1trica, donde recibir\u00e1 el tratamiento que necesita\u201d.<\/p>\n<p style=\"text-align: justify;\">La neurosis hipocondriaca es una enfermedad que debe ser atendida por el psiquiatra, dice por su parte el cardi\u00f3logo Esa\u00fa Camarena Robles, \u201cporque el tratamiento integral de cualquier trastorno mental tiene dos componentes: la parte psicoterap\u00e9utica y la parte farmacoterap\u00e9utica.<\/p>\n<p style=\"text-align: justify;\">\u201cEl pron\u00f3stico es muy bueno con el protocolo adecuado. Los medicamentos que empleamos son muy nobles, pero deben ser prescritos y manejados por un especialista. Si hay constancia en las terapias, se supera el problema\u201d.<\/p>\n<p style=\"text-align: justify;\">Los expertos coinciden en que el paciente con neurosis hipocondriaca debe limitar su acceso a la informaci\u00f3n sobre temas de salud, para evitar la adjudicaci\u00f3n de enfermedades que s\u00f3lo un m\u00e9dico puede diagnosticar.<\/p>\n<p style=\"text-align: justify;\">Una muy buena noticia es que esta condici\u00f3n que se puede controlar y la colaboraci\u00f3n de la gente cercana al afectado es b\u00e1sica en este sentido. Hay que recordar en todo momento que \u00e9l no necesita cr\u00edticas o burlas, porque cuando expresa sus temores lo hace desde la desesperaci\u00f3n y en busca de apoyo.<\/p>\n<p style=\"text-align: justify;\">Colaboraci\u00f3n de Fundaci\u00f3n Telet\u00f3n M\u00e9xico.<br \/>\n@autismoteleton #abril_Mesdelautismo<br \/>\nBojorge@teleton.org.mx<\/p>\n","protected":false},"excerpt":{"rendered":"<p>\u00abEs un infierno\u201d, expresa Paula al referirse al trastorno que sufre desde hace a\u00f1os. \u201cCuando noto una sensaci\u00f3n o alg\u00fan s\u00edntoma extra\u00f1o en mi cuerpo, aparece la idea de que tengo una enfermedad incurable. En ninguna otra circunstancia he sentido el miedo y la tristeza que me provocan estos pensamientos. Despu\u00e9s viene el impulso de [&hellip;]<\/p>\n","protected":false},"author":1,"featured_media":1102,"comment_status":"open","ping_status":"open","sticky":false,"template":"","format":"standard","meta":{"rop_custom_images_group":[],"rop_custom_messages_group":[],"rop_publish_now":"initial","rop_publish_now_accounts":[],"rop_publish_now_history":[],"rop_publish_now_status":"pending","footnotes":""},"categories":[75],"tags":[],"class_list":["post-1101","post","type-post","status-publish","format-standard","has-post-thumbnail","hentry","category-actualidad"],"_links":{"self":[{"href":"https:\/\/notiissa.mx\/index.php?rest_route=\/wp\/v2\/posts\/1101","targetHints":{"allow":["GET"]}}],"collection":[{"href":"https:\/\/notiissa.mx\/index.php?rest_route=\/wp\/v2\/posts"}],"about":[{"href":"https:\/\/notiissa.mx\/index.php?rest_route=\/wp\/v2\/types\/post"}],"author":[{"embeddable":true,"href":"https:\/\/notiissa.mx\/index.php?rest_route=\/wp\/v2\/users\/1"}],"replies":[{"embeddable":true,"href":"https:\/\/notiissa.mx\/index.php?rest_route=%2Fwp%2Fv2%2Fcomments&post=1101"}],"version-history":[{"count":1,"href":"https:\/\/notiissa.mx\/index.php?rest_route=\/wp\/v2\/posts\/1101\/revisions"}],"predecessor-version":[{"id":1103,"href":"https:\/\/notiissa.mx\/index.php?rest_route=\/wp\/v2\/posts\/1101\/revisions\/1103"}],"wp:featuredmedia":[{"embeddable":true,"href":"https:\/\/notiissa.mx\/index.php?rest_route=\/wp\/v2\/media\/1102"}],"wp:attachment":[{"href":"https:\/\/notiissa.mx\/index.php?rest_route=%2Fwp%2Fv2%2Fmedia&parent=1101"}],"wp:term":[{"taxonomy":"category","embeddable":true,"href":"https:\/\/notiissa.mx\/index.php?rest_route=%2Fwp%2Fv2%2Fcategories&post=1101"},{"taxonomy":"post_tag","embeddable":true,"href":"https:\/\/notiissa.mx\/index.php?rest_route=%2Fwp%2Fv2%2Ftags&post=1101"}],"curies":[{"name":"wp","href":"https:\/\/api.w.org\/{rel}","templated":true}]}}