{"id":10922,"date":"2016-04-03T23:23:25","date_gmt":"2016-04-03T23:23:25","guid":{"rendered":"http:\/\/notiissa.mx\/?p=10922"},"modified":"2016-04-03T23:23:25","modified_gmt":"2016-04-03T23:23:25","slug":"donald-trump-podre-llevarme-bien-con-putin","status":"publish","type":"post","link":"https:\/\/notiissa.mx\/?p=10922","title":{"rendered":"Donald Trump: \u00abPodr\u00e9 llevarme bien con Putin\u00bb"},"content":{"rendered":"<p>El precandidato a la presidencia de EE.UU. por el Partido Republicano <a href=\"https:\/\/actualidad.rt.com\/actualidad\/167392-sepa-mas-donald-trump\" target=\"_blank\" rel=\"up\">Donald Trump<\/a> ha asegurado en una entrevista para el peri\u00f3dico <a href=\"https:\/\/www.washingtonpost.com\/politics\/in-turmoil-or-triumph-donald-trump-stands-alone\/2016\/04\/02\/8c0619b6-f8d6-11e5-a3ce-f06b5ba21f33_story.html?hpid=hp_hp-top-table-main_trumppresidency-7pm%3Ahomepage%2Fstory\" target=\"_blank\">&#8216;The Washington Post&#8217;<\/a> que ser\u00eda capaz de entablar buenas relaciones con el presidente de Rusia, <a href=\"https:\/\/actualidad.rt.com\/actualidad\/170507-vladimir-putin-presidente-rusia\" target=\"_blank\" rel=\"up\">Vlad\u00edmir Putin<\/a>.\u00bbY lo he dicho antes, creo que voy a llevarme bien con Putin\u00bb, reiter\u00f3 el pol\u00edtico.<\/p>\n<p>En una\u00a0<a href=\"https:\/\/actualidad.rt.com\/actualidad\/194473-putin-rusia-turquia-terrorismo-siria-estados-unidos\" target=\"_blank\">rueda de prensa<\/a>\u00a0que tuvo lugar el 17 de diciembre, el presidente ruso afirm\u00f3 que Trump es \u00abun hombre con talento y brillante\u00bb, que adem\u00e1s es \u00abel l\u00edder absoluto de la carrera presidencial en EE.UU.\u00bb.<\/p>\n","protected":false},"excerpt":{"rendered":"<p>El precandidato a la presidencia de EE.UU. por el Partido Republicano Donald Trump ha asegurado en una entrevista para el peri\u00f3dico &#8216;The Washington Post&#8217; que ser\u00eda capaz de entablar buenas relaciones con el presidente de Rusia, Vlad\u00edmir Putin.\u00bbY lo he dicho antes, creo que voy a llevarme bien con Putin\u00bb, reiter\u00f3 el pol\u00edtico. En una\u00a0rueda [&hellip;]<\/p>\n","protected":false},"author":1,"featured_media":10923,"comment_status":"open","ping_status":"open","sticky":false,"template":"","format":"standard","meta":{"rop_custom_images_group":[],"rop_custom_messages_group":[],"rop_publish_now":"initial","rop_publish_now_accounts":[],"rop_publish_now_history":[],"rop_publish_now_status":"pending","footnotes":""},"categories":[60],"tags":[],"class_list":["post-10922","post","type-post","status-publish","format-standard","has-post-thumbnail","hentry","category-sonnoticia"],"_links":{"self":[{"href":"https:\/\/notiissa.mx\/index.php?rest_route=\/wp\/v2\/posts\/10922","targetHints":{"allow":["GET"]}}],"collection":[{"href":"https:\/\/notiissa.mx\/index.php?rest_route=\/wp\/v2\/posts"}],"about":[{"href":"https:\/\/notiissa.mx\/index.php?rest_route=\/wp\/v2\/types\/post"}],"author":[{"embeddable":true,"href":"https:\/\/notiissa.mx\/index.php?rest_route=\/wp\/v2\/users\/1"}],"replies":[{"embeddable":true,"href":"https:\/\/notiissa.mx\/index.php?rest_route=%2Fwp%2Fv2%2Fcomments&post=10922"}],"version-history":[{"count":1,"href":"https:\/\/notiissa.mx\/index.php?rest_route=\/wp\/v2\/posts\/10922\/revisions"}],"predecessor-version":[{"id":10924,"href":"https:\/\/notiissa.mx\/index.php?rest_route=\/wp\/v2\/posts\/10922\/revisions\/10924"}],"wp:featuredmedia":[{"embeddable":true,"href":"https:\/\/notiissa.mx\/index.php?rest_route=\/wp\/v2\/media\/10923"}],"wp:attachment":[{"href":"https:\/\/notiissa.mx\/index.php?rest_route=%2Fwp%2Fv2%2Fmedia&parent=10922"}],"wp:term":[{"taxonomy":"category","embeddable":true,"href":"https:\/\/notiissa.mx\/index.php?rest_route=%2Fwp%2Fv2%2Fcategories&post=10922"},{"taxonomy":"post_tag","embeddable":true,"href":"https:\/\/notiissa.mx\/index.php?rest_route=%2Fwp%2Fv2%2Ftags&post=10922"}],"curies":[{"name":"wp","href":"https:\/\/api.w.org\/{rel}","templated":true}]}}