{"id":1092,"date":"2015-04-05T00:47:01","date_gmt":"2015-04-05T00:47:01","guid":{"rendered":"http:\/\/notiissa.mx\/?p=1092"},"modified":"2015-04-05T00:47:01","modified_gmt":"2015-04-05T00:47:01","slug":"deteccion-temprana-del-autismo-su-importancia","status":"publish","type":"post","link":"https:\/\/notiissa.mx\/?p=1092","title":{"rendered":"Detecci\u00f3n temprana del autismo: Su importancia"},"content":{"rendered":"<p style=\"text-align: justify;\">Cada ni\u00f1o es diferente, no obstante hay se\u00f1ales que pueden indicar que existe alg\u00fan trastorno en su desarrollo. Elida Irene Contreras y Bertha Alicia Garcia, especialistas del Centro Autismo Telet\u00f3n explican que un diagn\u00f3stico temprano en un peque\u00f1o, tiene impacto favorable en su desarrollo e incluso, mejor ser\u00e1 el pron\u00f3stico debido a la edad de inicio de tratamiento.<\/p>\n<p style=\"text-align: justify;\">En este sentido, es significativo conocer las se\u00f1ales de alerta. Los Trastornos del Espectro Autista (TEA), com\u00fanmente llamados autismo, se caracterizan por dificultades en la comunicaci\u00f3n e interacci\u00f3n social, as\u00ed como por intereses y actividades repetitivas y restringidas. Por lo que, es conveniente que los padres observen si su hijo:<\/p>\n<p style=\"text-align: justify;\">\u2022 No se\u00f1ala.<br \/>\n\u2022 Lleva de la mano al adulto hacia lo que necesita.<br \/>\n\u2022 Presenta movimientos extra\u00f1os con sus dedos o brazos, como el aleteo.<br \/>\n\u2022 No establece contacto visual.<br \/>\n\u2022 Minimiza o exagera las respuestas emocionales ante una situaci\u00f3n.<br \/>\n\u2022 Presenta hiperactividad.<br \/>\n\u2022 No habla, o bien lo hace de manera no funcional.<br \/>\n\u2022 Padece alteraciones en el sue\u00f1o.<\/p>\n<p style=\"text-align: justify;\">Adem\u00e1s, las especialistas enfatizan que es preciso buscar la valoraci\u00f3n del peque\u00f1o si los padres observan un retraso en la adquisici\u00f3n y desarrollo del lenguaje, as\u00ed como crisis conductuales frecuentes. Y advierten que, el diagn\u00f3stico debe de ser hecho por un m\u00e9dico neur\u00f3logo, psiquiatra o psic\u00f3logo que tenga experiencia en los TEA, ya que se puede confundir con trastornos del lenguaje, alteraciones neurol\u00f3gicas o alguna discapacidad intelectual, y en caso de que se confirme alg\u00fan TEA es fundamental que los padres busquen atenci\u00f3n para su hijo.<\/p>\n<p style=\"text-align: justify;\">\u201cEn el Centro Autismo Telet\u00f3n se realiza una reuni\u00f3n con los padres de familia y su hijo, que tiene como principal objetivo confirmar la presencia del Espectro Autista por medio de la observaci\u00f3n de conductas marcadas en listas de cotejo estandarizadas, as\u00ed como una entrevista con los padres.<\/p>\n<p style=\"text-align: justify;\">Posteriormente, un neur\u00f3logo pediatra hace una pre-valoraci\u00f3n m\u00e9dica para realizar un diagn\u00f3stico diferencial con otros trastornos, y as\u00ed ofrecer un tratamiento educativo terap\u00e9utico, intensivo e individualizado\u201d, finalizan Elida Irene Contreras y Bertha Alicia Garcia.<\/p>\n<p style=\"text-align: justify;\">La atenci\u00f3n adecuada y oportuna, pueden hacer la diferencia en la calidad de vida de un ni\u00f1o con autismo.<\/p>\n<p style=\"text-align: justify;\"><strong>M\u00e1s informaci\u00f3n:<\/strong><br \/>\n<strong>Centro Autismo Telet\u00f3n<\/strong><br \/>\n<strong>autismo@teleton.org.mx<\/strong><\/p>\n<p style=\"text-align: justify;\"><strong>Sitios de inter\u00e9s:<\/strong><br \/>\n<strong>www.autismspeaks.org<\/strong><br \/>\n<strong>www.pasoapaso.com.ve<\/strong><br \/>\n<strong>www.autismo.org.es<\/strong><br \/>\n<strong>Colaboraci\u00f3n de Fundaci\u00f3n Telet\u00f3n M\u00e9xico.<\/strong><br \/>\n<strong>@autismoteleton #abril_Mesdelautismo<\/strong><br \/>\n<strong>Bojorge@teleton.org.mx<\/strong><\/p>\n","protected":false},"excerpt":{"rendered":"<p>Cada ni\u00f1o es diferente, no obstante hay se\u00f1ales que pueden indicar que existe alg\u00fan trastorno en su desarrollo. Elida Irene Contreras y Bertha Alicia Garcia, especialistas del Centro Autismo Telet\u00f3n explican que un diagn\u00f3stico temprano en un peque\u00f1o, tiene impacto favorable en su desarrollo e incluso, mejor ser\u00e1 el pron\u00f3stico debido a la edad de [&hellip;]<\/p>\n","protected":false},"author":1,"featured_media":1093,"comment_status":"open","ping_status":"open","sticky":false,"template":"","format":"standard","meta":{"rop_custom_images_group":[],"rop_custom_messages_group":[],"rop_publish_now":"initial","rop_publish_now_accounts":[],"rop_publish_now_history":[],"rop_publish_now_status":"pending","footnotes":""},"categories":[75],"tags":[],"class_list":["post-1092","post","type-post","status-publish","format-standard","has-post-thumbnail","hentry","category-actualidad"],"_links":{"self":[{"href":"https:\/\/notiissa.mx\/index.php?rest_route=\/wp\/v2\/posts\/1092","targetHints":{"allow":["GET"]}}],"collection":[{"href":"https:\/\/notiissa.mx\/index.php?rest_route=\/wp\/v2\/posts"}],"about":[{"href":"https:\/\/notiissa.mx\/index.php?rest_route=\/wp\/v2\/types\/post"}],"author":[{"embeddable":true,"href":"https:\/\/notiissa.mx\/index.php?rest_route=\/wp\/v2\/users\/1"}],"replies":[{"embeddable":true,"href":"https:\/\/notiissa.mx\/index.php?rest_route=%2Fwp%2Fv2%2Fcomments&post=1092"}],"version-history":[{"count":1,"href":"https:\/\/notiissa.mx\/index.php?rest_route=\/wp\/v2\/posts\/1092\/revisions"}],"predecessor-version":[{"id":1094,"href":"https:\/\/notiissa.mx\/index.php?rest_route=\/wp\/v2\/posts\/1092\/revisions\/1094"}],"wp:featuredmedia":[{"embeddable":true,"href":"https:\/\/notiissa.mx\/index.php?rest_route=\/wp\/v2\/media\/1093"}],"wp:attachment":[{"href":"https:\/\/notiissa.mx\/index.php?rest_route=%2Fwp%2Fv2%2Fmedia&parent=1092"}],"wp:term":[{"taxonomy":"category","embeddable":true,"href":"https:\/\/notiissa.mx\/index.php?rest_route=%2Fwp%2Fv2%2Fcategories&post=1092"},{"taxonomy":"post_tag","embeddable":true,"href":"https:\/\/notiissa.mx\/index.php?rest_route=%2Fwp%2Fv2%2Ftags&post=1092"}],"curies":[{"name":"wp","href":"https:\/\/api.w.org\/{rel}","templated":true}]}}