{"id":10859,"date":"2016-04-01T23:52:57","date_gmt":"2016-04-01T23:52:57","guid":{"rendered":"http:\/\/notiissa.mx\/?p=10859"},"modified":"2016-04-02T04:05:59","modified_gmt":"2016-04-02T04:05:59","slug":"anuncian-implementacion-de-taximetro-en-vehiculos-de-alquiler","status":"publish","type":"post","link":"https:\/\/notiissa.mx\/?p=10859","title":{"rendered":"Anuncian implementaci\u00f3n de tax\u00edmetro en veh\u00edculos de alquiler"},"content":{"rendered":"<p>&nbsp;<\/p>\n<ul>\n<li><em>Se instalar\u00e1 paulatinamente hasta llegar a mil 100 autos con este sistema.<\/em><\/li>\n<li>\n<hr \/>\n<\/li>\n<li><em>Nuevo sistema iniciar\u00e1 en Chihuahua y posteriormente en Ju\u00e1rez.<\/em><\/li>\n<li>\n<hr \/>\n<\/li>\n<\/ul>\n<p>En las pr\u00f3ximas semanas los carros de sitio de la ciudad de Chihuahua contar\u00e1n con tax\u00edmetro, en base al acuerdo que se estableci\u00f3 entre el Gobierno del Estado y las organizaciones de taxistas de la capital.<\/p>\n<p>Luego de algunas pruebas con diversas opciones, de com\u00fan acuerdo con los l\u00edderes de los taxistas en la entidad, se determin\u00f3 la utilizaci\u00f3n de este mecanismo, de manera que el taxista no intente cobrar de m\u00e1s por la transportaci\u00f3n.<\/p>\n<p>\u201cEs un proyecto novedoso que iniciar\u00e1 en la capital y se ir\u00e1 ampliando a las dem\u00e1s ciudades del estado donde sea necesario\u201d, indic\u00f3 el director de Transporte.<\/p>\n<p>Explic\u00f3 que el denominado \u201ccopete\u201d de los autos cuando va en color verde significa que el taxi est\u00e1 libre o en color rojo significa que va ocupado.<\/p>\n<p>Este nuevo sistema se colocar\u00e1 paulatinamente en la totalidad de los taxis, hasta llegar a un n\u00famero aproximado de mil 100 aparatos, detall\u00f3.<\/p>\n<p>Resalt\u00f3 que el precio de los tax\u00edmetros es de entre 3 mil y 3 mil 500 pesos y son fabricados en M\u00e9xico, para facilitar el mantenimiento de los mismos, sin tener que solicitar servicio o piezas en el extranjero.<\/p>\n<p>Enrique Ortiz Dur\u00e1n, secretario general de la Confederaci\u00f3n de Trabajadores de M\u00e9xico (CTM) del Transporte P\u00fablico de Taxis, indic\u00f3 que este plan viene desde hace m\u00e1s de 20 a\u00f1os, por lo cual celebr\u00f3 que ahora ser\u00e1 posible implementar este sistema y expres\u00f3 su agradecimiento a la administraci\u00f3n estatal.<\/p>\n<p>El representante de los taxistas de Central Camionera, Jos\u00e9 Antonio Loya Gonz\u00e1lez, manifest\u00f3 su disposici\u00f3n de adherirse a este mecanismo que ser\u00e1 de beneficio para todos.<\/p>\n<p>Jaime S\u00e1nchez Calder\u00f3n, de la Confederaci\u00f3n Revolucionaria de Obreros y Campesinos (CROC), se sum\u00f3 a este expresi\u00f3n y especific\u00f3 que se aplicar\u00e1n dos tarifas, una de d\u00eda y otra de noche, ambas a\u00fan por definirse.<\/p>\n<p>A su vez, el presidente del Frente \u00danico de Trabajadores del Volante (FUTV), Luis Ra\u00fal Ronquillo, indic\u00f3 que una buena parte de los taxis son 2015 \u00f3 2016 y en base a planes de financiamiento, ahora ya no nom\u00e1s se brinda el servicio en autos l\u00ednea Tsuru, sino mejores autos como Tiida o Vento, que resultan m\u00e1s c\u00f3modos para los usuarios.<\/p>\n<p>Eduardo Gonz\u00e1lez Soto, del Sindicato Independiente de Trabajadores de Autos de Alquiler de la Ciudad de Chihuahua, expres\u00f3 su benepl\u00e1cito por esta medida que permitir\u00e1 que el precio sea justo tanto para usuario como para el taxista.<\/p>\n","protected":false},"excerpt":{"rendered":"<p>&nbsp; Se instalar\u00e1 paulatinamente hasta llegar a mil 100 autos con este sistema. Nuevo sistema iniciar\u00e1 en Chihuahua y posteriormente en Ju\u00e1rez. En las pr\u00f3ximas semanas los carros de sitio de la ciudad de Chihuahua contar\u00e1n con tax\u00edmetro, en base al acuerdo que se estableci\u00f3 entre el Gobierno del Estado y las organizaciones de taxistas [&hellip;]<\/p>\n","protected":false},"author":1,"featured_media":10860,"comment_status":"open","ping_status":"open","sticky":false,"template":"","format":"standard","meta":{"rop_custom_images_group":[],"rop_custom_messages_group":[],"rop_publish_now":"initial","rop_publish_now_accounts":[],"rop_publish_now_history":[],"rop_publish_now_status":"pending","footnotes":""},"categories":[67],"tags":[23],"class_list":["post-10859","post","type-post","status-publish","format-standard","has-post-thumbnail","hentry","category-ciudad","tag-destacado"],"_links":{"self":[{"href":"https:\/\/notiissa.mx\/index.php?rest_route=\/wp\/v2\/posts\/10859","targetHints":{"allow":["GET"]}}],"collection":[{"href":"https:\/\/notiissa.mx\/index.php?rest_route=\/wp\/v2\/posts"}],"about":[{"href":"https:\/\/notiissa.mx\/index.php?rest_route=\/wp\/v2\/types\/post"}],"author":[{"embeddable":true,"href":"https:\/\/notiissa.mx\/index.php?rest_route=\/wp\/v2\/users\/1"}],"replies":[{"embeddable":true,"href":"https:\/\/notiissa.mx\/index.php?rest_route=%2Fwp%2Fv2%2Fcomments&post=10859"}],"version-history":[{"count":1,"href":"https:\/\/notiissa.mx\/index.php?rest_route=\/wp\/v2\/posts\/10859\/revisions"}],"predecessor-version":[{"id":10861,"href":"https:\/\/notiissa.mx\/index.php?rest_route=\/wp\/v2\/posts\/10859\/revisions\/10861"}],"wp:featuredmedia":[{"embeddable":true,"href":"https:\/\/notiissa.mx\/index.php?rest_route=\/wp\/v2\/media\/10860"}],"wp:attachment":[{"href":"https:\/\/notiissa.mx\/index.php?rest_route=%2Fwp%2Fv2%2Fmedia&parent=10859"}],"wp:term":[{"taxonomy":"category","embeddable":true,"href":"https:\/\/notiissa.mx\/index.php?rest_route=%2Fwp%2Fv2%2Fcategories&post=10859"},{"taxonomy":"post_tag","embeddable":true,"href":"https:\/\/notiissa.mx\/index.php?rest_route=%2Fwp%2Fv2%2Ftags&post=10859"}],"curies":[{"name":"wp","href":"https:\/\/api.w.org\/{rel}","templated":true}]}}