{"id":10807,"date":"2016-03-31T03:17:06","date_gmt":"2016-03-31T03:17:06","guid":{"rendered":"http:\/\/notiissa.mx\/?p=10807"},"modified":"2016-03-31T03:17:06","modified_gmt":"2016-03-31T03:17:06","slug":"el-papa-francisco-tiene-un-mensaje-muy-importante-para-ti","status":"publish","type":"post","link":"https:\/\/notiissa.mx\/?p=10807","title":{"rendered":"El Papa Francisco tiene un mensaje muy importante para ti"},"content":{"rendered":"<p>En un reciente art\u00edculo publicado en una revista, el Papa Francisco comparti\u00f3 algunos de sus sabios consejos para gozar de una vida m\u00e1s llevadera y feliz.\u00a0 El Papa anim\u00f3 a la gente a ser m\u00e1s positiva y generosa, a apagar la TV y buscar otras formas m\u00e1s saludables de ocio y entretenimiento. Incluso pidi\u00f3 dejar de intentar convertir a las personas\u00a0 que conocemos a nuestra propia religi\u00f3n.<\/p>\n<p>Su primer consejo lleg\u00f3 con la forma de una frase t\u00edpicamente italiana que dice \u00abmu\u00e9vete hacia adelante y deja que los otros hagan lo mismo\u00bb, que es una manera distinta de decir \u00abVive y deja vivir\u00bb. Estos son los mensajes que el Papa tiene para ti&#8230;.<\/p>\n<ol>\n<li>\u00abVive y deja vivir\u00bb. Todos debemos ser guiados por este principio para poder alcanzar la paz y la felicidad.<\/li>\n<li>\u00abDarse a los otros\u00bb. Las personas deben ser abiertas y darse generosamente a los otros, porque si permanentemente tomas de los otros, corres el riesgo de volverte ego\u00edsta y egoc\u00e9ntrico, como un estanque estancado. Y el agua estancada, se echa a perder.<\/li>\n<li>\u00abMoverse con calma en la vida\u00bb. El Papa hace alusi\u00f3n a una imagen de un libro del novelista argentino Ricardo G\u00fciraldes, en donde el protagonista relee su vida y la compara con un r\u00edo, que es arrasador y viv\u00e1z en la juventud, menos feroz pero firme en la adultez y tranquilo y suave en la vejez.<\/li>\n<li>\u00abUn sentido del ocio saludable\u00bb. El Papa promueve dejar de mirar TV a la hora de la comida y dedicar tiempo para jugar con los ni\u00f1os y compartir en familia. \u00c9l dice: \u00abEl consumismo nos volvi\u00f3 ansiosos y eso nos hace perder la cultura sana del ocio, como leer y disfrutar del arte\u00bb.<\/li>\n<li>\u00abCompartir los domingos con las personas que queremos\u00bb. Los domingos deber\u00edan ser libres, no laborables, para poder disfrutar tiempo de calidad con la familia.<\/li>\n<li>\u00abBuscar trabajos innovadores para emplear a los j\u00f3venes\u00bb. Tenemos que ser creativos y buscar la manera de darle trabajo a la gente joven y educarlos en un oficio. Los j\u00f3venes que no consiguen trabajo f\u00e1cilmente caen en la droga y se vuelven m\u00e1s vulnerables al suicidio.<\/li>\n<li>\u00abRespetar y cuidar de la naturaleza\u00bb. La degradaci\u00f3n del medio ambiente es uno de los desaf\u00edos m\u00e1s grandes que tenemos. \u00abExiste una pregunta que no nos estamos haciendo y es: \u00bfLa humanidad se est\u00e1 suicidando con este indiscriminado y tir\u00e1nico uso que le damos a la naturaleza?\u00bb<\/li>\n<li>\u00abDejar de ser negativos\u00bb. La necesidad de hablar mal del otro denota una fuerte baja de la autoestima, ya que cuando una persona se siente tan abajo, en lugar de intentar subir, lo \u00fanico que puedo hacer es bajar al otro. \u00abOlvidarse r\u00e1pido de lo negativo, es sano\u00bb.<\/li>\n<li>\u00abRespetar las diferencias con los otros\u00bb. Podemos conversar con los dem\u00e1s para compartir nuestras experiencias y de esta manera crecer juntos. \u00abLo peor que hay es el proselitismo religioso, que paraliza: yo hablo contigo para persuadirte, no. Cada persona habla desde su identidad. La iglesia crece por atracci\u00f3n, no por proselitismo\u00bb.<\/li>\n<li>\u00abTrabaja por la paz\u00bb. \u00abEstamos viviendo en tiempos de muchas guerras\u00bb y es necesario hacer un llamado a la paz. Aunque la paz suele dar una sensaci\u00f3n de quietud, en realidad tiene un car\u00e1cter proactivo y din\u00e1mico.<\/li>\n<\/ol>\n","protected":false},"excerpt":{"rendered":"<p>En un reciente art\u00edculo publicado en una revista, el Papa Francisco comparti\u00f3 algunos de sus sabios consejos para gozar de una vida m\u00e1s llevadera y feliz.\u00a0 El Papa anim\u00f3 a la gente a ser m\u00e1s positiva y generosa, a apagar la TV y buscar otras formas m\u00e1s saludables de ocio y entretenimiento. Incluso pidi\u00f3 dejar [&hellip;]<\/p>\n","protected":false},"author":1,"featured_media":10808,"comment_status":"open","ping_status":"open","sticky":false,"template":"","format":"standard","meta":{"rop_custom_images_group":[],"rop_custom_messages_group":[],"rop_publish_now":"initial","rop_publish_now_accounts":[],"rop_publish_now_history":[],"rop_publish_now_status":"pending","footnotes":""},"categories":[60],"tags":[],"class_list":["post-10807","post","type-post","status-publish","format-standard","has-post-thumbnail","hentry","category-sonnoticia"],"_links":{"self":[{"href":"https:\/\/notiissa.mx\/index.php?rest_route=\/wp\/v2\/posts\/10807","targetHints":{"allow":["GET"]}}],"collection":[{"href":"https:\/\/notiissa.mx\/index.php?rest_route=\/wp\/v2\/posts"}],"about":[{"href":"https:\/\/notiissa.mx\/index.php?rest_route=\/wp\/v2\/types\/post"}],"author":[{"embeddable":true,"href":"https:\/\/notiissa.mx\/index.php?rest_route=\/wp\/v2\/users\/1"}],"replies":[{"embeddable":true,"href":"https:\/\/notiissa.mx\/index.php?rest_route=%2Fwp%2Fv2%2Fcomments&post=10807"}],"version-history":[{"count":1,"href":"https:\/\/notiissa.mx\/index.php?rest_route=\/wp\/v2\/posts\/10807\/revisions"}],"predecessor-version":[{"id":10809,"href":"https:\/\/notiissa.mx\/index.php?rest_route=\/wp\/v2\/posts\/10807\/revisions\/10809"}],"wp:featuredmedia":[{"embeddable":true,"href":"https:\/\/notiissa.mx\/index.php?rest_route=\/wp\/v2\/media\/10808"}],"wp:attachment":[{"href":"https:\/\/notiissa.mx\/index.php?rest_route=%2Fwp%2Fv2%2Fmedia&parent=10807"}],"wp:term":[{"taxonomy":"category","embeddable":true,"href":"https:\/\/notiissa.mx\/index.php?rest_route=%2Fwp%2Fv2%2Fcategories&post=10807"},{"taxonomy":"post_tag","embeddable":true,"href":"https:\/\/notiissa.mx\/index.php?rest_route=%2Fwp%2Fv2%2Ftags&post=10807"}],"curies":[{"name":"wp","href":"https:\/\/api.w.org\/{rel}","templated":true}]}}