{"id":10775,"date":"2016-03-30T03:21:06","date_gmt":"2016-03-30T03:21:06","guid":{"rendered":"http:\/\/notiissa.mx\/?p=10775"},"modified":"2016-03-30T03:21:06","modified_gmt":"2016-03-30T03:21:06","slug":"argentina-celebra-la-decision-de-la-onu-que-amplia-su-plataforma-maritima-un-35","status":"publish","type":"post","link":"https:\/\/notiissa.mx\/?p=10775","title":{"rendered":"Argentina celebra la decisi\u00f3n de la ONU que ampl\u00eda su plataforma mar\u00edtima un 35%"},"content":{"rendered":"<p>La canciller argentina, Susana Malcorra, anunci\u00f3 la noticia despu\u00e9s de que las Naciones Unidas aprobaran la solicitud para una nueva demarcaci\u00f3n territorial presentada en el 2009.<\/p>\n<p>Argentina celebra la decisi\u00f3n de la ONU sobre que ampl\u00eda el l\u00edmite de su plataforma mar\u00edtima en 1.700.000 kil\u00f3metros cuadrados, un 35% m\u00e1s que la superficie actual.<\/p>\n<p>La noticia fue <a href=\"http:\/\/noticias.terra.com.ar\/argentina\/malcorra-destaco-ejemplo-de-politica-de-estado-tras-resolucion-de-onu-por-limite-exterior-de-la-plataforma-continental,995166efd6ccc9f5ae2be9a46188f31b2ebm1wjx.html\" target=\"_blank\">anunciada<\/a>\u00a0por la canciller, Susana Malcorra, despu\u00e9s de que las Naciones Unidas aprobaran la solicitud para una nueva demarcaci\u00f3n territorial presentada en 2009. La funcionaria recalc\u00f3 que se trata de un hecho hist\u00f3rico, pues se reafirman los derechos de soberan\u00eda en la zona del Atl\u00e1ntico Sur.<\/p>\n<h3>Decisi\u00f3n hist\u00f3rica de la ONU<\/h3>\n<p>Esta decisi\u00f3n de la <a href=\"https:\/\/actualidad.rt.com\/actualidad\/167479-organizacion-naciones-unidas-onu\" target=\"_blank\" rel=\"up\">ONU<\/a>\u00a0reconoce que las islas Malvinas est\u00e1n situadas dentro del territorio de la Rep\u00fablica Argentina. De acuerdo con la Convenci\u00f3n de la ONU sobre derecho del mar, los Estados rivere\u00f1os fijan sus l\u00edmites exteriores en concordancia con varias reglas t\u00e9cnicas y procesuales.<\/p>\n<p>Sin embargo, el Ministerio de Asuntos Exteriores del Reino Unido coment\u00f3 que la Comisi\u00f3n de L\u00edmites de la Plataforma Continental, no analizaba la solicitud de Argentina en relaci\u00f3n con las islas en disputa y no est\u00e1 autorizada para resolver las cuestiones respecto a las Malvinas. Londres enfatiza, que no duda sobre su soberan\u00eda de las Malvinas y el derecho de los isle\u00f1os para decidir su futuro.<\/p>\n<p>El director del Observatorio Polar del Centro Argentino de Estudios Internacionales, Sergio Caplan, ha se\u00f1alado en una <a href=\"https:\/\/actualidad.rt.com\/video\/203323-argumento-reino-unido-malvinas-fuerza\" target=\"_blank\" rel=\"up\">entrevista<\/a>\u00a0a RT que, geogr\u00e1ficamente, las islas Malvinas ahora pertenecen a Argentina y ha destacado que el \u00fanico argumento que tiene el Reino Unido en la disputa es la fuerza militar.<\/p>\n<p>La solicitud\u00a0presentada a la ONU durante la presidencia de Cristina Fern\u00e1ndez de Kirchner, fue elaborada con base a un reporte, que Argentina estuvo elaborando durante 20 a\u00f1os.<\/p>\n<p>El territorio sumergido argentino abarcar\u00e1 no solo las Malvinas, sino las islas Georgias del Sur\u00a0y las islas S\u00e1ndwich del Sur.\u00a0El Estado podr\u00e1 realizar explotaci\u00f3n de recursos, actividades mineras y petrol\u00edferas en el territorio recientemente adquirido.\u00a0Fue precisamente la exploraci\u00f3n hidrocarbur\u00edfera en \u00e1reas cercanas a las Malvinas lo que agudiz\u00f3 las \u00faltimas fricciones entre Argentina y el Reino Unido. El anterior Gobierno argentino denunci\u00f3 penalmente a varias compa\u00f1\u00edas que operaban en la zona sin la autorizaci\u00f3n de Buenos Aires.<\/p>\n<p>Fuente: Rt<\/p>\n","protected":false},"excerpt":{"rendered":"<p>La canciller argentina, Susana Malcorra, anunci\u00f3 la noticia despu\u00e9s de que las Naciones Unidas aprobaran la solicitud para una nueva demarcaci\u00f3n territorial presentada en el 2009. Argentina celebra la decisi\u00f3n de la ONU sobre que ampl\u00eda el l\u00edmite de su plataforma mar\u00edtima en 1.700.000 kil\u00f3metros cuadrados, un 35% m\u00e1s que la superficie actual. La noticia [&hellip;]<\/p>\n","protected":false},"author":1,"featured_media":10776,"comment_status":"open","ping_status":"open","sticky":false,"template":"","format":"standard","meta":{"rop_custom_images_group":[],"rop_custom_messages_group":[],"rop_publish_now":"initial","rop_publish_now_accounts":[],"rop_publish_now_history":[],"rop_publish_now_status":"pending","footnotes":""},"categories":[60],"tags":[],"class_list":["post-10775","post","type-post","status-publish","format-standard","has-post-thumbnail","hentry","category-sonnoticia"],"_links":{"self":[{"href":"https:\/\/notiissa.mx\/index.php?rest_route=\/wp\/v2\/posts\/10775","targetHints":{"allow":["GET"]}}],"collection":[{"href":"https:\/\/notiissa.mx\/index.php?rest_route=\/wp\/v2\/posts"}],"about":[{"href":"https:\/\/notiissa.mx\/index.php?rest_route=\/wp\/v2\/types\/post"}],"author":[{"embeddable":true,"href":"https:\/\/notiissa.mx\/index.php?rest_route=\/wp\/v2\/users\/1"}],"replies":[{"embeddable":true,"href":"https:\/\/notiissa.mx\/index.php?rest_route=%2Fwp%2Fv2%2Fcomments&post=10775"}],"version-history":[{"count":1,"href":"https:\/\/notiissa.mx\/index.php?rest_route=\/wp\/v2\/posts\/10775\/revisions"}],"predecessor-version":[{"id":10777,"href":"https:\/\/notiissa.mx\/index.php?rest_route=\/wp\/v2\/posts\/10775\/revisions\/10777"}],"wp:featuredmedia":[{"embeddable":true,"href":"https:\/\/notiissa.mx\/index.php?rest_route=\/wp\/v2\/media\/10776"}],"wp:attachment":[{"href":"https:\/\/notiissa.mx\/index.php?rest_route=%2Fwp%2Fv2%2Fmedia&parent=10775"}],"wp:term":[{"taxonomy":"category","embeddable":true,"href":"https:\/\/notiissa.mx\/index.php?rest_route=%2Fwp%2Fv2%2Fcategories&post=10775"},{"taxonomy":"post_tag","embeddable":true,"href":"https:\/\/notiissa.mx\/index.php?rest_route=%2Fwp%2Fv2%2Ftags&post=10775"}],"curies":[{"name":"wp","href":"https:\/\/api.w.org\/{rel}","templated":true}]}}