{"id":10740,"date":"2016-03-28T21:21:16","date_gmt":"2016-03-28T21:21:16","guid":{"rendered":"http:\/\/notiissa.mx\/?p=10740"},"modified":"2016-03-28T21:21:16","modified_gmt":"2016-03-28T21:21:16","slug":"barack-obama-rechaza-reunirse-con-erdogan-durante-su-visita-a-eu","status":"publish","type":"post","link":"https:\/\/notiissa.mx\/?p=10740","title":{"rendered":"Barack Obama rechaza reunirse con Erdogan durante su visita a EU."},"content":{"rendered":"<p>Erdogan hab\u00eda invitado a Obama a la ceremonia de inauguraci\u00f3n de una mezquita ubicada en Maryland, cuya construcci\u00f3n fue financiada por Ankara.<\/p>\n<p>El presidente estadounidense <a href=\"https:\/\/actualidad.rt.com\/actualidad\/166596-presidente-barack-obama-eeuu\" target=\"_blank\">Barack Obama<\/a>\u00a0ha rechazado la petici\u00f3n de su hom\u00f3logo turco <a href=\"https:\/\/actualidad.rt.com\/rtpedia\/182857-recep-tayyip-erdogan-turquia\" target=\"_blank\">Recep Tayyip\u00a0Erdogan<\/a>\u00a0de reunirse con \u00e9l en el marco de su visita a EE.UU. para asistir a la Cumbre de Seguridad Nuclear, evento que tiene como objetivo discutir las medidas contra el terrorismo nuclear, informa el peri\u00f3dico &#8216;<a href=\"http:\/\/www.wsj.com\/articles\/turkish-president-faces-a-cool-reception-in-u-s-visit-1459114068\" target=\"_blank\">The Wall Street Journal<\/a>&#8216; citando a fuentes de la Administraci\u00f3n.<\/p>\n<p>Altos funcionarios estadounidenses han declarado al peri\u00f3dico que la negativa de Obama \u00abno debe tomarse como un menosprecio, debido a que ambos presidentes se reunieron en noviembre en la cumbre del G20 en Turqu\u00eda y hablaron por tel\u00e9fono en febrero\u00bb. \u00abEl presidente ha mantenido un contacto regular de ese tipo con pocos l\u00edderes mundiales\u00bb, indica uno de ellos.<\/p>\n<p>Erdogan hab\u00eda invitado a Obama a la ceremonia de inauguraci\u00f3n de una mezquita ubicada en Maryland, una construcci\u00f3n que fue financiada por Ankara. En su lugar, ser\u00e1 el vicepresidente Joe Biden quien se reunir\u00e1 con el mandatario turco. Sin embargo, en el transcurso de la cumbre, que comienza este jueves, Obama tiene programada una reuni\u00f3n personal con el presidente de China, Xi Jinping.<\/p>\n<p>Turqu\u00eda es un aliado de vital importancia para EE.UU. en la lucha contra el grupo terrorista Estado Isl\u00e1mico, los intentos de poner fin a la guerra civil en Siria y la crisis global de los refugiados.<\/p>\n<h3><strong>\u00abErdogan corrompe la democracia turca\u00bb<\/strong><\/h3>\n<p>\u00abLa Casa Blanca no quiere hacer que el presidente Erdogan parezca bienvenido\u00bb, sostiene Max Hoffman, director asociado de seguridad nacional y pol\u00edtica internacional en el Centro para el Progreso Americano.<\/p>\n<p>\u00abLas protestas en el parque Gezi en mayo del 2013 y la represi\u00f3n subsiguiente cristalizaron las preocupaciones sobre el autoritarismo de Erdogan y la opresi\u00f3n de la disidencia pol\u00edtica\u00bb, ha indicado Hoffman, a\u00f1adiendo que \u00abla opini\u00f3n general en Washington actualmente es que Erdogan est\u00e1 corrompiendo la democracia turca para perseguir su ambici\u00f3n personal\u00bb.<\/p>\n<h3>\u00bfUn juego diplom\u00e1tico?<\/h3>\n<p>El polit\u00f3logo Carlos Mart\u00ednez Garc\u00eda expres\u00f3 a RT que el rechazo a reunirse por parte de Barack Obama refleja el cambio que se observa en las relaciones entre ambos aliados.\u00a0\u00abEs un juego diplom\u00e1tico. Significa, como decimos en Espa\u00f1a, un &#8216;tir\u00f3n de orejas&#8217; o una reprimenda\u00bb, indica.<\/p>\n<p>\u00abPor otro lado, el problema kurdo, el problema del intervencionismo turco en Irak (\u2026) se est\u00e1 viendo por parte de Turqu\u00eda toda una aspiraci\u00f3n a sacar provecho del tablero b\u00e9lico que en estos momentos hay\u00bb, sostiene el polit\u00f3logo. \u00abLo que Obama hace es manifestar un enfado, no es otra cosa\u00bb, opina.<\/p>\n<p>Fuente: Rt<\/p>\n","protected":false},"excerpt":{"rendered":"<p>Erdogan hab\u00eda invitado a Obama a la ceremonia de inauguraci\u00f3n de una mezquita ubicada en Maryland, cuya construcci\u00f3n fue financiada por Ankara. El presidente estadounidense Barack Obama\u00a0ha rechazado la petici\u00f3n de su hom\u00f3logo turco Recep Tayyip\u00a0Erdogan\u00a0de reunirse con \u00e9l en el marco de su visita a EE.UU. para asistir a la Cumbre de Seguridad Nuclear, [&hellip;]<\/p>\n","protected":false},"author":1,"featured_media":10741,"comment_status":"open","ping_status":"open","sticky":false,"template":"","format":"standard","meta":{"rop_custom_images_group":[],"rop_custom_messages_group":[],"rop_publish_now":"initial","rop_publish_now_accounts":[],"rop_publish_now_history":[],"rop_publish_now_status":"pending","footnotes":""},"categories":[60],"tags":[],"class_list":["post-10740","post","type-post","status-publish","format-standard","has-post-thumbnail","hentry","category-sonnoticia"],"_links":{"self":[{"href":"https:\/\/notiissa.mx\/index.php?rest_route=\/wp\/v2\/posts\/10740","targetHints":{"allow":["GET"]}}],"collection":[{"href":"https:\/\/notiissa.mx\/index.php?rest_route=\/wp\/v2\/posts"}],"about":[{"href":"https:\/\/notiissa.mx\/index.php?rest_route=\/wp\/v2\/types\/post"}],"author":[{"embeddable":true,"href":"https:\/\/notiissa.mx\/index.php?rest_route=\/wp\/v2\/users\/1"}],"replies":[{"embeddable":true,"href":"https:\/\/notiissa.mx\/index.php?rest_route=%2Fwp%2Fv2%2Fcomments&post=10740"}],"version-history":[{"count":1,"href":"https:\/\/notiissa.mx\/index.php?rest_route=\/wp\/v2\/posts\/10740\/revisions"}],"predecessor-version":[{"id":10742,"href":"https:\/\/notiissa.mx\/index.php?rest_route=\/wp\/v2\/posts\/10740\/revisions\/10742"}],"wp:featuredmedia":[{"embeddable":true,"href":"https:\/\/notiissa.mx\/index.php?rest_route=\/wp\/v2\/media\/10741"}],"wp:attachment":[{"href":"https:\/\/notiissa.mx\/index.php?rest_route=%2Fwp%2Fv2%2Fmedia&parent=10740"}],"wp:term":[{"taxonomy":"category","embeddable":true,"href":"https:\/\/notiissa.mx\/index.php?rest_route=%2Fwp%2Fv2%2Fcategories&post=10740"},{"taxonomy":"post_tag","embeddable":true,"href":"https:\/\/notiissa.mx\/index.php?rest_route=%2Fwp%2Fv2%2Ftags&post=10740"}],"curies":[{"name":"wp","href":"https:\/\/api.w.org\/{rel}","templated":true}]}}