{"id":10604,"date":"2016-03-22T16:35:44","date_gmt":"2016-03-22T16:35:44","guid":{"rendered":"http:\/\/notiissa.mx\/?p=10604"},"modified":"2016-03-22T16:35:44","modified_gmt":"2016-03-22T16:35:44","slug":"garantiza-issste-atencion-especializada-a-ninos-con-sindrome-down","status":"publish","type":"post","link":"https:\/\/notiissa.mx\/?p=10604","title":{"rendered":"Garantiza ISSSTE atenci\u00f3n especializada a Ni\u00f1os con S\u00edndrome Down"},"content":{"rendered":"<ul>\n<li>Destina 9.5 millones de pesos anuales para brindar la mejor atenci\u00f3n a ni\u00f1os afectados por la principal causa de discapacidad intelectual.<\/li>\n<li>\n<hr \/>\n<\/li>\n<li>Promueve el <strong><em>ISSSTE<\/em><\/strong> rehabilitaci\u00f3n, independencia e integraci\u00f3n social para los pacientes.<\/li>\n<li>\n<hr \/>\n<\/li>\n<\/ul>\n<p>En el D\u00eda Mundial del S\u00edndrome de Down, decretado por la ONU el 21 de marzo, el <strong><em>ISSSTE<\/em><\/strong> dirigido por <strong><em>Jos\u00e9 Reyes Baeza<\/em><\/strong>, informa que cada a\u00f1o destina 9.5 millones de pesos para garantizar tratamiento especializado a infantes con esta alteraci\u00f3n gen\u00e9tica en instalaciones de Fundaci\u00f3n John Langdon Down.<\/p>\n<p>De esta manera el Instituto promueve la rehabilitaci\u00f3n, independencia e integraci\u00f3n social de estos peque\u00f1os afectados por la principal causa de discapacidad intelectual en el mundo cuya incidencia es de un caso por cada 800 nacimientos. Y se suma a promover \u201cespacios inclusivos\u201d para esta comunidad, uno de los objetivos de Naciones Unidas.<\/p>\n<p>Se trata de la alteraci\u00f3n gen\u00e9tica humana m\u00e1s com\u00fan. Las personas con s\u00edndrome de Down tienen tres cromosomas en el par 21 en lugar de los dos que existen habitualmente; por ello, este s\u00edndrome tambi\u00e9n se conoce como trisom\u00eda 21.<\/p>\n<p>Rafael Navarro Meneses, Director M\u00e9dico, precis\u00f3 que entre los servicios integrales que otorga la Fundaci\u00f3n a ni\u00f1os derechohabientes est\u00e1n los m\u00f3dulos de Estimulaci\u00f3n Temprana, Grupos de Adaptaci\u00f3n, Maternal, Preescolar y Primaria Especiales.<\/p>\n<p>En todos los m\u00f3dulos se ofrece apoyo de terapias psicomotora, cognitiva, de lenguaje, socio afectiva, de independencia personal, apoyo sicol\u00f3gico, escuela para padres y Cl\u00ednica de S\u00edndrome de Down.<\/p>\n<p>Asimismo, para apoyar a la Fundaci\u00f3n John Langdon Down, el <strong><em>ISSSTE<\/em><\/strong> ha dotado de espacios para las Cafeter\u00edas Tres21 en el Centro M\u00e9dico Nacional \u201c20 de Noviembre\u201d y el Hospital Regional \u201cLic. Adolfo L\u00f3pez Mateos\u201d, donde se comercializan alimentos elaborados por ni\u00f1os y j\u00f3venes que viven con Down y de las cuales se obtienen recursos para financiar la causa.<\/p>\n<p>&nbsp;<\/p>\n<p>&nbsp;<\/p>\n","protected":false},"excerpt":{"rendered":"<p>Destina 9.5 millones de pesos anuales para brindar la mejor atenci\u00f3n a ni\u00f1os afectados por la principal causa de discapacidad intelectual. Promueve el ISSSTE rehabilitaci\u00f3n, independencia e integraci\u00f3n social para los pacientes. En el D\u00eda Mundial del S\u00edndrome de Down, decretado por la ONU el 21 de marzo, el ISSSTE dirigido por Jos\u00e9 Reyes Baeza, [&hellip;]<\/p>\n","protected":false},"author":1,"featured_media":10605,"comment_status":"open","ping_status":"open","sticky":false,"template":"","format":"standard","meta":{"rop_custom_images_group":[],"rop_custom_messages_group":[],"rop_publish_now":"initial","rop_publish_now_accounts":[],"rop_publish_now_history":[],"rop_publish_now_status":"pending","footnotes":""},"categories":[71],"tags":[],"class_list":["post-10604","post","type-post","status-publish","format-standard","has-post-thumbnail","hentry","category-salud"],"_links":{"self":[{"href":"https:\/\/notiissa.mx\/index.php?rest_route=\/wp\/v2\/posts\/10604","targetHints":{"allow":["GET"]}}],"collection":[{"href":"https:\/\/notiissa.mx\/index.php?rest_route=\/wp\/v2\/posts"}],"about":[{"href":"https:\/\/notiissa.mx\/index.php?rest_route=\/wp\/v2\/types\/post"}],"author":[{"embeddable":true,"href":"https:\/\/notiissa.mx\/index.php?rest_route=\/wp\/v2\/users\/1"}],"replies":[{"embeddable":true,"href":"https:\/\/notiissa.mx\/index.php?rest_route=%2Fwp%2Fv2%2Fcomments&post=10604"}],"version-history":[{"count":1,"href":"https:\/\/notiissa.mx\/index.php?rest_route=\/wp\/v2\/posts\/10604\/revisions"}],"predecessor-version":[{"id":10606,"href":"https:\/\/notiissa.mx\/index.php?rest_route=\/wp\/v2\/posts\/10604\/revisions\/10606"}],"wp:featuredmedia":[{"embeddable":true,"href":"https:\/\/notiissa.mx\/index.php?rest_route=\/wp\/v2\/media\/10605"}],"wp:attachment":[{"href":"https:\/\/notiissa.mx\/index.php?rest_route=%2Fwp%2Fv2%2Fmedia&parent=10604"}],"wp:term":[{"taxonomy":"category","embeddable":true,"href":"https:\/\/notiissa.mx\/index.php?rest_route=%2Fwp%2Fv2%2Fcategories&post=10604"},{"taxonomy":"post_tag","embeddable":true,"href":"https:\/\/notiissa.mx\/index.php?rest_route=%2Fwp%2Fv2%2Ftags&post=10604"}],"curies":[{"name":"wp","href":"https:\/\/api.w.org\/{rel}","templated":true}]}}