{"id":10084,"date":"2016-03-04T04:31:41","date_gmt":"2016-03-04T04:31:41","guid":{"rendered":"http:\/\/notiissa.mx\/?p=10084"},"modified":"2016-03-04T04:31:41","modified_gmt":"2016-03-04T04:31:41","slug":"eu-prolonga-las-sanciones-contra-venezuela-por-un-ano-mas","status":"publish","type":"post","link":"https:\/\/notiissa.mx\/?p=10084","title":{"rendered":"EU prolonga las sanciones contra Venezuela por un a\u00f1o m\u00e1s"},"content":{"rendered":"<p>El presidente de EE.UU., Barack Obama, ha emitido una orden de continuidad de un a\u00f1o de la &#8216;emergencia nacional&#8217; declarada en 2015 sobre Venezuela.<\/p>\n<p><a href=\"https:\/\/actualidad.rt.com\/actualidad\/166596-presidente-barack-obama-eeuu\" target=\"_blank\" rel=\"up\">Barack Obama<\/a>\u00a0justific\u00f3 la decisi\u00f3n de prolongar las sanciones contra Venezuela argumentando la falta de mejoras en la situaci\u00f3n de los derechos humanos, informa la agencia <a href=\"http:\/\/www.efe.com\/efe\/america\/politica\/obama-prorroga-por-un-ano-la-emergencia-nacional-sobre-venezuela\/20000035-2857781\" target=\"_blank\">EFE<\/a>.<\/p>\n<p>De acuerdo con el mandatario estadounidense, el Gobierno venezolano \u00abcontin\u00faa erosionando las garant\u00edas de los derechos humanos\u00bb.<\/p>\n<p>La orden ejecutiva <a href=\"https:\/\/actualidad.rt.com\/actualidad\/168517-obama-eeuu-sanciones-venezuela-militares\" target=\"_blank\" rel=\"up\">emitida <\/a>por Obama el marzo pasado describe la situaci\u00f3n en Venezuela como una \u00abamenaza extraordinaria e inusual a la seguridad nacional y a la pol\u00edtica exterior estadounidenses\u00bb.<\/p>\n<p>La acci\u00f3n ejecutiva\u00a0orden\u00f3 la suspensi\u00f3n de visas y la congelaci\u00f3n de activos en territorio estadounidense\u00a0de siete funcionarios militares y policiales venezolanos.<\/p>\n<p>La lista incluye al exdirector de operaciones de la Guardia Nacional Bolivariana, Antonio Benavides, al director del servicio de inteligencia SEBIN, Gustavo Gonz\u00e1lez, a la fiscal Katherine Haringhton, y al director de la Polic\u00eda Nacional, Manuel P\u00e9rez, entre otros.<\/p>\n","protected":false},"excerpt":{"rendered":"<p>El presidente de EE.UU., Barack Obama, ha emitido una orden de continuidad de un a\u00f1o de la &#8216;emergencia nacional&#8217; declarada en 2015 sobre Venezuela. Barack Obama\u00a0justific\u00f3 la decisi\u00f3n de prolongar las sanciones contra Venezuela argumentando la falta de mejoras en la situaci\u00f3n de los derechos humanos, informa la agencia EFE. De acuerdo con el mandatario [&hellip;]<\/p>\n","protected":false},"author":1,"featured_media":10085,"comment_status":"open","ping_status":"open","sticky":false,"template":"","format":"standard","meta":{"rop_custom_images_group":[],"rop_custom_messages_group":[],"rop_publish_now":"initial","rop_publish_now_accounts":[],"rop_publish_now_history":[],"rop_publish_now_status":"pending","footnotes":""},"categories":[60],"tags":[],"class_list":["post-10084","post","type-post","status-publish","format-standard","has-post-thumbnail","hentry","category-sonnoticia"],"_links":{"self":[{"href":"https:\/\/notiissa.mx\/index.php?rest_route=\/wp\/v2\/posts\/10084","targetHints":{"allow":["GET"]}}],"collection":[{"href":"https:\/\/notiissa.mx\/index.php?rest_route=\/wp\/v2\/posts"}],"about":[{"href":"https:\/\/notiissa.mx\/index.php?rest_route=\/wp\/v2\/types\/post"}],"author":[{"embeddable":true,"href":"https:\/\/notiissa.mx\/index.php?rest_route=\/wp\/v2\/users\/1"}],"replies":[{"embeddable":true,"href":"https:\/\/notiissa.mx\/index.php?rest_route=%2Fwp%2Fv2%2Fcomments&post=10084"}],"version-history":[{"count":1,"href":"https:\/\/notiissa.mx\/index.php?rest_route=\/wp\/v2\/posts\/10084\/revisions"}],"predecessor-version":[{"id":10086,"href":"https:\/\/notiissa.mx\/index.php?rest_route=\/wp\/v2\/posts\/10084\/revisions\/10086"}],"wp:featuredmedia":[{"embeddable":true,"href":"https:\/\/notiissa.mx\/index.php?rest_route=\/wp\/v2\/media\/10085"}],"wp:attachment":[{"href":"https:\/\/notiissa.mx\/index.php?rest_route=%2Fwp%2Fv2%2Fmedia&parent=10084"}],"wp:term":[{"taxonomy":"category","embeddable":true,"href":"https:\/\/notiissa.mx\/index.php?rest_route=%2Fwp%2Fv2%2Fcategories&post=10084"},{"taxonomy":"post_tag","embeddable":true,"href":"https:\/\/notiissa.mx\/index.php?rest_route=%2Fwp%2Fv2%2Ftags&post=10084"}],"curies":[{"name":"wp","href":"https:\/\/api.w.org\/{rel}","templated":true}]}}