{"id":10053,"date":"2016-03-03T04:23:01","date_gmt":"2016-03-03T04:23:01","guid":{"rendered":"http:\/\/notiissa.mx\/?p=10053"},"modified":"2016-03-03T04:23:01","modified_gmt":"2016-03-03T04:23:01","slug":"nombra-sre-embajadores-en-cuba-polonia-y-tailanda-entre-otros","status":"publish","type":"post","link":"https:\/\/notiissa.mx\/?p=10053","title":{"rendered":"Nombra SRE embajadores en Cuba, Polonia y Tailanda, entre otros"},"content":{"rendered":"<p>La Secretar\u00eda de Relaciones Exteriores (SRE) informa que\u00a0 han sido enviados al Senado de la Rep\u00fablica diversos nombramientos de representantes de M\u00e9xico en el exterior que, en uso de las facultades que le confiere el art\u00edculo 89 de nuestra Constituci\u00f3n, ha hecho el Presidente de la Rep\u00fablica.<\/p>\n<p>Seis Embajadores han sido nombrados en las siguientes adscripciones:<\/p>\n<p>Alejandro Negr\u00edn Mu\u00f1oz, Polonia<br \/>\nEnrique Mart\u00ednez y Mart\u00ednez, Cuba<br \/>\nJaime Virgilio Nualart S\u00e1nchez, Tailandia<br \/>\nJes\u00fas Alberto L\u00f3pez Gonz\u00e1lez, Trinidad y Tobago<br \/>\nJos\u00e9 G. Trasloceros Hern\u00e1ndez, Nueva Zelandia<br \/>\nAlicia Guadalupe Buenrostro Massieu, Austria<\/p>\n<p>Dos representantes permanentes del Estado mexicano ante organismos internacionales:<\/p>\n<p>Luis Alfonso de Alba G\u00f3ngora, en la Organizaci\u00f3n de los Estados Americanos (OEA)<br \/>\nAndr\u00e9s Isaac Roemer Slomeanski, en la Organizaci\u00f3n de las Naciones Unidas para la Educaci\u00f3n, Ciencia y Cultura (UNESCO)<\/p>\n<p>Catorce C\u00f3nsules Generales en Estados Unidos, Brasil, Canad\u00e1 y China:<\/p>\n<p>Marcela Celorio Mancera, San Diego, California<br \/>\nFrancisco Javier D\u00edaz de Le\u00f3n, Atlanta, Georgia<br \/>\nEmilio Rabasa P. Gamboa, Boston, Massachusetts<br \/>\nFrancisco de la Torre Galindo, Dallas, Texas<br \/>\nMarcos Augusto Bucio M\u00fajica, El Paso, Texas<br \/>\nRicardo Santana Vel\u00e1zquez, Nogales, Arizona<br \/>\nClaudia Franco Hijuelos, Phoenix, Arizona<br \/>\nMar\u00eda de los Remedios G\u00f3mez Arnau, Raleigh, Carolina del Norte<br \/>\nGemi Jos\u00e9 Gonz\u00e1lez L\u00f3pez, San Francisco, California<br \/>\nH\u00e9ctor Eduardo Velasco Monroy, San Antonio, Texas<br \/>\nDiego Antonio G\u00f3mez Pickering, Nueva York, Nueva York<br \/>\nAna Berenice D\u00edaz Ceballos Parada, Vancouver, Columbia Brit\u00e1nica<br \/>\nMargarita P\u00e9rez Villase\u00f1or, Sao Paulo, Sao Paulo<br \/>\nCarlos Ignacio Giralt Cabrales, Guanzhou, China<\/p>\n<p>Asimismo, la Canciller\u00eda informa que han sido designados 16 nuevos titulares en los siguientes consulados de carrera en Estados Unidos:<\/p>\n<p>Juan Carlos Cu\u00e9 Vega, Brownsville, Texas<br \/>\nCarlos Gustavo Obrador Garrido, Del Rio, Texas<br \/>\nAlicia Guadalupe Kerber Palma, Filadelfia, Pensilvania<br \/>\nDavid Manuel Preciado Ju\u00e1rez, Fresno, California<br \/>\nAlfonso Navarro Bernachi, Kansas City, Kansas<br \/>\nAlejandro Madrigal Becerra, Las Vegas, Nevada<br \/>\nRodolfo Quilantan Arenas, Little Rock, Arkansas<br \/>\nJuli\u00e1n Adem D\u00edaz de Le\u00f3n, Milwaukee, Wisconsin<br \/>\nCarlos Ponce Mart\u00ednez, Nueva Orle\u00e1ns, Louisiana<br \/>\nRoberto Rodr\u00edguez Hern\u00e1ndez, Oxnard, California<br \/>\nJacob Prado Gonz\u00e1lez, Portland, Oregon<br \/>\nGerardo Guerrero G\u00f3mez, Saint Paul, Minnesota<br \/>\nJavier Chagoya Romero, Salt Lake City, Utah<br \/>\nSalom\u00f3n Rosas Ram\u00edrez, San Bernardino, California<br \/>\nRoberto Dondisch Glowinski, Seattle, Washington<\/p>\n<p>En la elaboraci\u00f3n de estos cambios, han sido tomados en cuenta diversos aspectos, tales como la trayectoria y el buen desempe\u00f1o de los funcionarios y el tiempo que se han mantenido en su encargo.<\/p>\n<p>En estas designaciones se ha privilegiado la consideraci\u00f3n de miembros del Servicio Exterior Mexicano (SEM) y de funcionarios que cuentan con una amplia experiencia representando a nuestro pa\u00eds en el exterior.<\/p>\n<p>Finalmente, la designaci\u00f3n de c\u00f3nsules reforzar\u00e1 y dotar\u00e1 de mayor dinamismo a nuestra red consular en Estados Unidos.<\/p>\n<p>&nbsp;<\/p>\n","protected":false},"excerpt":{"rendered":"<p>La Secretar\u00eda de Relaciones Exteriores (SRE) informa que\u00a0 han sido enviados al Senado de la Rep\u00fablica diversos nombramientos de representantes de M\u00e9xico en el exterior que, en uso de las facultades que le confiere el art\u00edculo 89 de nuestra Constituci\u00f3n, ha hecho el Presidente de la Rep\u00fablica. Seis Embajadores han sido nombrados en las siguientes [&hellip;]<\/p>\n","protected":false},"author":1,"featured_media":10054,"comment_status":"open","ping_status":"open","sticky":false,"template":"","format":"standard","meta":{"rop_custom_images_group":[],"rop_custom_messages_group":[],"rop_publish_now":"initial","rop_publish_now_accounts":[],"rop_publish_now_history":[],"rop_publish_now_status":"pending","footnotes":""},"categories":[60],"tags":[],"class_list":["post-10053","post","type-post","status-publish","format-standard","has-post-thumbnail","hentry","category-sonnoticia"],"_links":{"self":[{"href":"https:\/\/notiissa.mx\/index.php?rest_route=\/wp\/v2\/posts\/10053","targetHints":{"allow":["GET"]}}],"collection":[{"href":"https:\/\/notiissa.mx\/index.php?rest_route=\/wp\/v2\/posts"}],"about":[{"href":"https:\/\/notiissa.mx\/index.php?rest_route=\/wp\/v2\/types\/post"}],"author":[{"embeddable":true,"href":"https:\/\/notiissa.mx\/index.php?rest_route=\/wp\/v2\/users\/1"}],"replies":[{"embeddable":true,"href":"https:\/\/notiissa.mx\/index.php?rest_route=%2Fwp%2Fv2%2Fcomments&post=10053"}],"version-history":[{"count":1,"href":"https:\/\/notiissa.mx\/index.php?rest_route=\/wp\/v2\/posts\/10053\/revisions"}],"predecessor-version":[{"id":10055,"href":"https:\/\/notiissa.mx\/index.php?rest_route=\/wp\/v2\/posts\/10053\/revisions\/10055"}],"wp:featuredmedia":[{"embeddable":true,"href":"https:\/\/notiissa.mx\/index.php?rest_route=\/wp\/v2\/media\/10054"}],"wp:attachment":[{"href":"https:\/\/notiissa.mx\/index.php?rest_route=%2Fwp%2Fv2%2Fmedia&parent=10053"}],"wp:term":[{"taxonomy":"category","embeddable":true,"href":"https:\/\/notiissa.mx\/index.php?rest_route=%2Fwp%2Fv2%2Fcategories&post=10053"},{"taxonomy":"post_tag","embeddable":true,"href":"https:\/\/notiissa.mx\/index.php?rest_route=%2Fwp%2Fv2%2Ftags&post=10053"}],"curies":[{"name":"wp","href":"https:\/\/api.w.org\/{rel}","templated":true}]}}